{"id":10452,"date":"2023-11-03T15:15:04","date_gmt":"2023-11-03T18:15:04","guid":{"rendered":"https:\/\/maxradio923.com\/index.php\/2023\/11\/03\/tras-armar-un-plan-economico-que-patricia-bullrich-no-pudo-usar-carlos-melconian-se-va-de-la-fundacion-mediterranea\/"},"modified":"2023-11-03T15:15:04","modified_gmt":"2023-11-03T18:15:04","slug":"tras-armar-un-plan-economico-que-patricia-bullrich-no-pudo-usar-carlos-melconian-se-va-de-la-fundacion-mediterranea","status":"publish","type":"post","link":"https:\/\/maxradio923.com.ar\/index.php\/2023\/11\/03\/tras-armar-un-plan-economico-que-patricia-bullrich-no-pudo-usar-carlos-melconian-se-va-de-la-fundacion-mediterranea\/","title":{"rendered":"Tras armar un plan econ\u00f3mico que Patricia Bullrich no pudo usar, Carlos Melconian se va de la Fundaci\u00f3n Mediterr\u00e1nea"},"content":{"rendered":"<p>Tras armar un plan econ\u00f3mico que Patricia Bullrich no pudo usar, Carlos Melconian se va de la Fundaci\u00f3n Mediterr\u00e1nea <\/p>\n<p>Luego de trabajar m\u00e1s de un a\u00f1o en un programa econ\u00f3mico y de ser presentado como el eventual ministro de Econom\u00eda de Patricia Bullrich, <strong>Carlos Melconian dej\u00f3 la Fundaci\u00f3n Mediterr\u00e1nea.<\/strong><\/p>\n<p>Los miembros del Consejo de Administraci\u00f3n de la entidad cordobesa &quot;consideraron y<strong> debatieron sobre la continuidad del plan econ\u00f3mico <\/strong>que se encarg\u00f3 al Sr. Carlos Melconian y, considerando que el mismo fue concluido en el mes de octubre 2023, el Consejo resuelve dar por finalizado el programa y el v\u00ednculo con el Sr. Carlos Melconian&quot;.<\/p>\n<p>El economista lider\u00f3 el proyecto desde el Instituto de Estudios sobre la Realidad Argentina y Latinoamericana (IERAL) y ahora la Fundaci\u00f3n est\u00e1 evaluando <strong>&quot;los pasos a seguir para garantizar la labor del IERAL<\/strong> y el grupo de investigadores que lo conforman&quot;.<\/p>\n<p>Cuando Bullrich perdi\u00f3 las elecciones generales, la Fundaci\u00f3n Mediterr\u00e1nea asegur\u00f3 que<strong> &quot;el programa estaba a disposici\u00f3n del pr\u00f3ximo Presidente <\/strong>de la Naci\u00f3n&quot;. <\/p>\n<p>El IERAL est\u00e1<strong> presidido por Mar\u00eda P\u00eda Astori.<\/strong> Los temas abarcados por el programa de Melconian fueron Macroeconom\u00eda, Reforma Fiscal, Reforma Impositiva, Reforma Laboral, Energ\u00eda (Gas, Petr\u00f3leo, Generaci\u00f3n y Distribuci\u00f3n), Planes Sociales, Reforma del Estado (Modernizaci\u00f3n), Integraci\u00f3n Econ\u00f3mica al mundo, Pol\u00edticas Sectoriales y regionales en bienes y servicios, Reformas al Federalismo y la Relaci\u00f3n Naci\u00f3n Provincias, Reforma Previsional y Desregulaci\u00f3n. Cada \u00e1rea estaba liderada por un especialista.<\/p>\n<p>A partir de que Bullrich lo design\u00f3 como su eventual ministro, Melconian<strong> se convirti\u00f3 en el vocero de la excandidata<\/strong>, haci\u00e9ndose cargo de las definiciones econ\u00f3micas y con la idea de pelearle a Javier Milei en su mismo idioma.<\/p>\n<p>Cuando Bullrich dio su apoyo a Milei, el l\u00edder libertario dijo que ciertos economistas del espacio de Juntos por el Cambio podr\u00edan sumarse a su gobierno. Consultado sobre qui\u00e9nes podr\u00edan integrar un eventual gobierno suyo, contest\u00f3: \u201cAlgunos de los economistas, s\u00ed, y otros no. <strong>Melconian no <\/strong>ser\u00eda el caso.<strong> [Daniel] Artana y [Rodolfo] Sant\u00e1ngelo, s\u00ed\u201d.<\/strong><\/p>\n<p><em>NE<\/em><\/p>\n","protected":false},"excerpt":{"rendered":"<p>Tras armar un plan econ\u00f3mico que Patricia Bullrich no pudo usar, Carlos Melconian se va de la Fundaci\u00f3n Mediterr\u00e1nea Luego de trabajar m\u00e1s de un a\u00f1o en un programa econ\u00f3mico y de ser presentado como el eventual ministro de Econom\u00eda de Patricia Bullrich, Carlos Melconian dej\u00f3 la Fundaci\u00f3n Mediterr\u00e1nea.<br \/>\nLos miembros del Consejo de Administraci\u00f3n de la entidad cordobesa &#8220;consideraron y debatieron sobre la continuidad del plan econ\u00f3mico que se encarg\u00f3 al Sr. Carlos Melconian y, considerando que el mismo fue concluido en el mes de octubre 2023, el Consejo resuelve dar por finalizado el programa y el v\u00ednculo con el Sr. Carlos Melconian&#8221;.<br \/>\nEl economista lider\u00f3 el proyecto desde el Instituto de Estudios sobre la Realidad Argentina y Latinoamericana (IERAL) y ahora la Fundaci\u00f3n est\u00e1 evaluando &#8220;los pasos a seguir para garantizar la labor del IERAL y el grupo de investigadores que lo conforman&#8221;.<br \/>\nCuando Bullrich perdi\u00f3 las elecciones generales, la Fundaci\u00f3n Mediterr\u00e1nea asegur\u00f3 que &#8220;el programa est..<\/p>\n","protected":false},"author":2,"featured_media":10453,"comment_status":"","ping_status":"","sticky":false,"template":"","format":"standard","meta":{"footnotes":""},"categories":[2],"tags":[],"_links":{"self":[{"href":"https:\/\/maxradio923.com.ar\/index.php\/wp-json\/wp\/v2\/posts\/10452"}],"collection":[{"href":"https:\/\/maxradio923.com.ar\/index.php\/wp-json\/wp\/v2\/posts"}],"about":[{"href":"https:\/\/maxradio923.com.ar\/index.php\/wp-json\/wp\/v2\/types\/post"}],"author":[{"embeddable":true,"href":"https:\/\/maxradio923.com.ar\/index.php\/wp-json\/wp\/v2\/users\/2"}],"replies":[{"embeddable":true,"href":"https:\/\/maxradio923.com.ar\/index.php\/wp-json\/wp\/v2\/comments?post=10452"}],"version-history":[{"count":0,"href":"https:\/\/maxradio923.com.ar\/index.php\/wp-json\/wp\/v2\/posts\/10452\/revisions"}],"wp:featuredmedia":[{"embeddable":true,"href":"https:\/\/maxradio923.com.ar\/index.php\/wp-json\/wp\/v2\/media\/10453"}],"wp:attachment":[{"href":"https:\/\/maxradio923.com.ar\/index.php\/wp-json\/wp\/v2\/media?parent=10452"}],"wp:term":[{"taxonomy":"category","embeddable":true,"href":"https:\/\/maxradio923.com.ar\/index.php\/wp-json\/wp\/v2\/categories?post=10452"},{"taxonomy":"post_tag","embeddable":true,"href":"https:\/\/maxradio923.com.ar\/index.php\/wp-json\/wp\/v2\/tags?post=10452"}],"curies":[{"name":"wp","href":"https:\/\/api.w.org\/{rel}","templated":true}]}}