{"id":10450,"date":"2023-11-03T14:26:12","date_gmt":"2023-11-03T17:26:12","guid":{"rendered":"https:\/\/maxradio923.com\/index.php\/2023\/11\/03\/juicio-a-la-corte-suprema-tras-la-respuesta-de-los-jueces-las-fechas-clave-y-por-que-se-definira-con-el-nuevo-congreso\/"},"modified":"2023-11-03T14:26:12","modified_gmt":"2023-11-03T17:26:12","slug":"juicio-a-la-corte-suprema-tras-la-respuesta-de-los-jueces-las-fechas-clave-y-por-que-se-definira-con-el-nuevo-congreso","status":"publish","type":"post","link":"https:\/\/maxradio923.com.ar\/index.php\/2023\/11\/03\/juicio-a-la-corte-suprema-tras-la-respuesta-de-los-jueces-las-fechas-clave-y-por-que-se-definira-con-el-nuevo-congreso\/","title":{"rendered":"Juicio a la Corte Suprema: tras la respuesta de los jueces, las fechas clave y por qu\u00e9 se definir\u00e1 con el nuevo Congreso"},"content":{"rendered":"<p>Juicio a la Corte Suprema: tras la respuesta de los jueces, las fechas clave y por qu\u00e9 se definir\u00e1 con el nuevo Congreso<\/p>\n<p>El juicio pol\u00edtico a los miembros de la <strong>Corte Suprema de Justicia<\/strong> ingresa en su tramo final, por lo menos la etapa de recolecci\u00f3n de pruebas para la acusaci\u00f3n, y este viernes vence el plazo para que los jueces presenten su descargo ante la comisi\u00f3n de Diputados, que inici\u00f3 el proceso a fines de enero de este a\u00f1o, a partir de una acci\u00f3n de <strong>Alberto Fern\u00e1ndez<\/strong> con acompa\u00f1amiento de los gobernadores.<\/p>\n<p>En forma sorpresiva, al menos para los representantes del Congreso, Horacio Rosatti y Carlos Rosenkrantz presentaron este jueves, en forma individual, su descargo, mientras que Juan Carlos Maqueda y Ricardo Lorenzetti a\u00fan es incierto que podr\u00e1n hacer frente a la acusaci\u00f3n de la comisi\u00f3n controlada por el kirchnerismo.<\/p>\n<p>Los magistrados tienen la opci\u00f3n de responder en forma presencial ante la comisi\u00f3n el pr\u00f3ximo martes 7 aunque el reglamento tambi\u00e9n los habilita a no contestar, tal como resolvi\u00f3 en su momento Maqueda, que est\u00e1 cerca de la edad jubilatoria, cuando el oficialismo le gir\u00f3 las pruebas y la acusaci\u00f3n por las presuntas irregularidades en la administraci\u00f3n de la obra social de los judiciales.<\/p>\n<p>En rigor, la comisi\u00f3n de Diputados decidi\u00f3 <strong>el 11 de octubre pasado dar traslado a los cuatro jueces de los cargos por mal desempe\u00f1o<\/strong> al tiempo que aprob\u00f3 citarlos para que en el t\u00e9rmino de 10 d\u00edas h\u00e1biles desde su notificaci\u00f3n (19 de octubre), informen a la comisi\u00f3n sobre los cargos formulados.<\/p>\n<p>Si el 7 de noviembre los jueces no presentan el descargo o no vienen sigue el proceso porque hay que <strong>dictaminar antes del 20 de noviembre<\/strong>, que es cuando vence el plazo para la firma de los dict\u00e1menes del per\u00edodo ordinario. <strong>&quot;Salvo que haya una pr\u00f3rroga de las sesiones ordinarias&quot;<\/strong>, explicaron desde la comisi\u00f3n que preside Carolina Gaillard. Esta opci\u00f3n no se puede descartar pero no ser\u00e1 justamente por el juicio pol\u00edtico sino porque Sergio Massa, si es electo presidente, deber\u00e1 apurar algunas leyes antes de fin de a\u00f1o.<\/p>\n<p>En principio, <strong>el kirchnerismo ya tiene preparado un informe con la acusaci\u00f3n<\/strong> contra los miembros del m\u00e1ximo tribunal. Pero espera el descargo de los jueces para ver si se modifica o elimina alguno de los cargos. <\/p>\n<p>Hasta ahora s\u00f3lo lo hicieron Horacio Rosatti y Carlos Rosenkrantz, quienes rechazaron el proceso en su contra, denunciaron irregularidades, respondieron a cada uno de los cargos por los cuales se les inici\u00f3 la investigaci\u00f3n preliminar en la Comisi\u00f3n, y alertaron sobre el peligro que representa para la independencia judicial.<\/p>\n<p>Por ahora, lo que est\u00e1 descartado es que la comisi\u00f3n vaya a dictaminar el mismo martes, a\u00fan si los dos cortesanos que restan deciden no responder a la comisi\u00f3n.<\/p>\n<p>Sin embargo, el kirchnerismo <strong>emitir\u00e1 dictamen en la semana del 13 al 17 de noviembre<\/strong>, dos d\u00edas antes del balotaje entre Sergio Massa y el libertario Javier Milei.<\/p>\n<p>Pero mientras van transcurriendo los plazos, la interna en la Corte se tens\u00f3. Primero por la declaraci\u00f3n de Rosatti deseando que el pr\u00f3ximo gobierno &quot;marque un camino de unidad y de uni\u00f3n nacional\u201d, menci\u00f3n que su par Lorenzetti relacion\u00f3 con el slogan de campa\u00f1a de Massa.<\/p>\n<p>No obstante, la afirmaci\u00f3n del presidente del m\u00e1ximo tribunal tampoco tuvo efecto en la tropa K que advirti\u00f3 que &quot;eso no cambia nada&quot; el futuro del juicio pol\u00edtico, como tampoco una posible intervenci\u00f3n de Massa para bajarle el tono pol\u00edtico. El candidato de Uni\u00f3n por la Patria est\u00e1 metido en su campa\u00f1a y en la conversaci\u00f3n de este jueves con los diputados del oficialismo s\u00f3lo le pidi\u00f3 que &quot;no se duerman en los laureles&quot; porque todav\u00eda falta la segunda vuelta.<\/p>\n<p>&quot;Este es un proceso serio y largo, se dieron todas las garant\u00edas&quot;, repitieron desde el oficialismo para sostener el juicio. Mientras que desde el Palacio de Tribunales relativizaron la declaraci\u00f3n de Rosatti y advirtieron que es habitual que el presidente de la Corte utilice esos t\u00e9rminos.<\/p>\n<p>Sin embargo, ahora se agreg\u00f3 las presentaciones individuales de Rosatti y Rosenkrantz.<\/p>\n<p>Pero en el Congreso se agitan las especulaciones de un posible llamado de Massa al presidente de la Corte despu\u00e9s de que el oficialismo emita dictamen y luego de las elecciones, si el tigrense resulta electo presidente. Es que sabiendo que el Frente de Todos no tiene la mayor\u00eda especial (dos tercios de los presentes) para aprobar y girar al Senado el pedido de juicio pol\u00edtico, el ministro y candidato podr\u00eda pedir que lleven el caso al recinto y al perder la votaci\u00f3n se cerrar\u00eda el proceso.<\/p>\n<p>De lo contrario, <strong>el dictamen tendr\u00e1 vigencia hasta el 30 de noviembre del pr\u00f3ximo a\u00f1o y podr\u00eda ser llevado al recinto fines de 2024<\/strong>. Por ahora, desde la bancada que comanda <strong>Germ\u00e1n Mart\u00ednez <\/strong>desestimaron la posibilidad de que el tema sea tratado antes de la asunci\u00f3n de los nuevos diputados.<\/p>\n<p>Mientras tanto, se multiplican las cr\u00edticas al juicio pol\u00edtico porque advirtieron que hubo &quot;aprietes de testigos&quot; como as\u00ed tambi\u00e9n la inclusi\u00f3n de pruebas que fueron declaradas &quot;ilegales por un fiscal que no le gusta al kirchnerismo&quot;. La referencia tiene  que ver con la decisi\u00f3n que adopt\u00f3 el juez federal Sebasti\u00e1n Ramos cuando archiv\u00f3 la causa contra Silvio Robles, secretario de Rosatti, a ra\u00edz de la denuncia que se hab\u00eda radicado en su contra por los supuestos chats con el entonces ministro de Seguridad, Marcelo D\u2019Alessandro.<\/p>\n<p>En este escenario, desde la justicia tambi\u00e9n cuestionan la falta de cumplimiento del debido proceso, la ausencia del derecho a la defensa, y con ese antecedente se preguntan c\u00f3mo va a seguir el juicio pol\u00edtico.<\/p>\n<p>&quot;Uno de los cargos contra los jueces es por adelantar los fallos citando notas period\u00edsticas&quot;, protest\u00f3 una fuente judicial consultada por este diario, que tambi\u00e9n cuestion\u00f3 los cargos por el fallo que favoreci\u00f3 a la Ciudad de Buenos Aires en la causa por la coparticipaci\u00f3n, que todav\u00eda est\u00e1 sin resoluci\u00f3n firme. &quot;La Corte Interamericana dice que no se puede enjuiciar por el contenido de sus sentencias&quot;, a\u00f1adi\u00f3.<\/p>\n<p>Por ahora, la pr\u00f3xima audiencia de la comisi\u00f3n est\u00e1 agendada para el martes, cuando seguramente se escuchar\u00e1 las respuestas del oficialismo al descargo de Rosatti y Rosenkrantz.<\/p>\n","protected":false},"excerpt":{"rendered":"<p>Juicio a la Corte Suprema: tras la respuesta de los jueces, las fechas clave y por qu\u00e9 se definir\u00e1 con el nuevo CongresoEl juicio pol\u00edtico a los miembros de la Corte Suprema de Justicia ingresa en su tramo final, por lo menos la etapa de recolecci\u00f3n de pruebas para la acusaci\u00f3n, y este viernes vence el plazo para que los jueces presenten su descargo ante la comisi\u00f3n de Diputados, que inici\u00f3 el proceso a fines de enero de este a\u00f1o, a partir de una acci\u00f3n de Alberto Fern\u00e1ndez con acompa\u00f1amiento de los gobernadores.<br \/>\nEn forma sorpresiva, al menos para los representantes del Congreso, Horacio Rosatti y Carlos Rosenkrantz presentaron este jueves, en forma individual, su descargo, mientras que Juan Carlos Maqueda y Ricardo Lorenzetti a\u00fan es incierto que podr\u00e1n hacer frente a la acusaci\u00f3n de la comisi\u00f3n controlada por el kirchnerismo.<br \/>\nLos magistrados tienen la opci\u00f3n de responder en forma presencial ante la comisi\u00f3n el pr\u00f3ximo martes 7 aunque el reglamento tambi\u00e9n los habilita a no contestar, ..<\/p>\n","protected":false},"author":2,"featured_media":10451,"comment_status":"","ping_status":"","sticky":false,"template":"","format":"standard","meta":{"footnotes":""},"categories":[7],"tags":[],"_links":{"self":[{"href":"https:\/\/maxradio923.com.ar\/index.php\/wp-json\/wp\/v2\/posts\/10450"}],"collection":[{"href":"https:\/\/maxradio923.com.ar\/index.php\/wp-json\/wp\/v2\/posts"}],"about":[{"href":"https:\/\/maxradio923.com.ar\/index.php\/wp-json\/wp\/v2\/types\/post"}],"author":[{"embeddable":true,"href":"https:\/\/maxradio923.com.ar\/index.php\/wp-json\/wp\/v2\/users\/2"}],"replies":[{"embeddable":true,"href":"https:\/\/maxradio923.com.ar\/index.php\/wp-json\/wp\/v2\/comments?post=10450"}],"version-history":[{"count":0,"href":"https:\/\/maxradio923.com.ar\/index.php\/wp-json\/wp\/v2\/posts\/10450\/revisions"}],"wp:featuredmedia":[{"embeddable":true,"href":"https:\/\/maxradio923.com.ar\/index.php\/wp-json\/wp\/v2\/media\/10451"}],"wp:attachment":[{"href":"https:\/\/maxradio923.com.ar\/index.php\/wp-json\/wp\/v2\/media?parent=10450"}],"wp:term":[{"taxonomy":"category","embeddable":true,"href":"https:\/\/maxradio923.com.ar\/index.php\/wp-json\/wp\/v2\/categories?post=10450"},{"taxonomy":"post_tag","embeddable":true,"href":"https:\/\/maxradio923.com.ar\/index.php\/wp-json\/wp\/v2\/tags?post=10450"}],"curies":[{"name":"wp","href":"https:\/\/api.w.org\/{rel}","templated":true}]}}