{"id":10350,"date":"2023-11-02T21:25:18","date_gmt":"2023-11-03T00:25:18","guid":{"rendered":"https:\/\/maxradio923.com\/index.php\/2023\/11\/02\/conferencia-de-relaciones-publicas-y-comunicacion-con-el-auspicio-de-clarin\/"},"modified":"2023-11-02T21:25:18","modified_gmt":"2023-11-03T00:25:18","slug":"conferencia-de-relaciones-publicas-y-comunicacion-con-el-auspicio-de-clarin","status":"publish","type":"post","link":"https:\/\/maxradio923.com.ar\/index.php\/2023\/11\/02\/conferencia-de-relaciones-publicas-y-comunicacion-con-el-auspicio-de-clarin\/","title":{"rendered":"Conferencia de relaciones p\u00fablicas y comunicaci\u00f3n con el auspicio de Clar\u00edn"},"content":{"rendered":"<p>Conferencia de relaciones p\u00fablicas y comunicaci\u00f3n con el auspicio de Clar\u00edn<\/p>\n<p>El pr\u00f3ximo martes 14 de noviembre se celebrar\u00e1 en el Auditorio del MALBA la CIRPCOM 2023, la Conferencia Internacional de Relaciones P\u00fablicas y Comunicaci\u00f3n, bajo el lema \u201cInfluencia que Construye\u201d.<\/p>\n<p>El evento contar\u00e1 con la presencia de los m\u00e1s destacados actores del mundo de la comunicaci\u00f3n y los asuntos p\u00fablicos de la regi\u00f3n, incluyendo profesionales, estudiantes, acad\u00e9micos y consultores. La CIRPCOM 2023 se podr\u00e1 seguir via streaming a trav\u00e9s de <strong>www.cirpcom.com<\/strong>.<\/p>\n<p>Por primera vez, el evento ser\u00e1 organizado en conjunto entre Consejo Profesional de Relaciones P\u00fablicas (Consejo PR) y el C\u00edrculo DirComs. Previamente, se desarrollaron en el pa\u00eds seis ediciones bienales de la reconocida conferencia -bajo el nombre de CIRP-, llevadas adelante por el Consejo Profesional de Relaciones P\u00fablicas, siendo la \u00faltima celebrada cinco a\u00f1os atr\u00e1s, en 2018. La 7\u00b0 edici\u00f3n no pudo celebrarse en el 2020 debido a la pandemia del COVID-19.<\/p>\n<p>El evento ser\u00e1 entre las 15:30 y las 20:00 horas y contar\u00e1 con un m\u00e1ximo de 350 asistentes. Asimismo, los organizadores se enfocar\u00e1n en introducir tecnolog\u00eda para la interacci\u00f3n de los asistentes y la participaci\u00f3n de manera remota. En esta edici\u00f3n 2023, se unen como media partners del evento TN, Clar\u00edn, La Naci\u00f3n, el Cronista, Infobae y Forbes.<\/p>\n<p>\u201cBajo el lema \u2018Influencia que construye\u2019 buscamos reconfirmar el rol fundamental del sector de la Comunicaci\u00f3n y las Relaciones P\u00fablicas en todos los \u00e1mbitos, contribuyendo en la construcci\u00f3n de una Argentina mejor y a trav\u00e9s de la agenda empresarial, estatal y de la sociedad civil\u201d, cont\u00f3 el presidente de la CIRPCOM 2023, Pablo Armagni. \u201cEl eje del encuentro es profundizar en variadas experiencias que produzcan efectos positivos en los diferentes p\u00fablicos, generando beneficios tanto econ\u00f3mico como intangibles; siempre a trav\u00e9s de los profesionales que desarrollamos d\u00eda a d\u00eda esta magn\u00edfica profesi\u00f3n\u201d, a\u00f1adi\u00f3.<\/p>\n<p><em>PS<\/em><\/p>\n","protected":false},"excerpt":{"rendered":"<p>Conferencia de relaciones p\u00fablicas y comunicaci\u00f3n con el auspicio de Clar\u00ednEl pr\u00f3ximo martes 14 de noviembre se celebrar\u00e1 en el Auditorio del MALBA la CIRPCOM 2023, la Conferencia Internacional de Relaciones P\u00fablicas y Comunicaci\u00f3n, bajo el lema \u201cInfluencia que Construye\u201d.<br \/>\nEl evento contar\u00e1 con la presencia de los m\u00e1s destacados actores del mundo de la comunicaci\u00f3n y los asuntos p\u00fablicos de la regi\u00f3n, incluyendo profesionales, estudiantes, acad\u00e9micos y consultores. La CIRPCOM 2023 se podr\u00e1 seguir via streaming a trav\u00e9s de www.cirpcom.com.<br \/>\nPor primera vez, el evento ser\u00e1 organizado en conjunto entre Consejo Profesional de Relaciones P\u00fablicas (Consejo PR) y el C\u00edrculo DirComs. Previamente, se desarrollaron en el pa\u00eds seis ediciones bienales de la reconocida conferencia -bajo el nombre de CIRP-, llevadas adelante por el Consejo Profesional de Relaciones P\u00fablicas, siendo la \u00faltima celebrada cinco a\u00f1os atr\u00e1s, en 2018. La 7\u00b0 edici\u00f3n no pudo celebrarse en el 2020 debido a la pandemia del COVI..<\/p>\n","protected":false},"author":2,"featured_media":10351,"comment_status":"","ping_status":"","sticky":false,"template":"","format":"standard","meta":{"footnotes":""},"categories":[9],"tags":[],"_links":{"self":[{"href":"https:\/\/maxradio923.com.ar\/index.php\/wp-json\/wp\/v2\/posts\/10350"}],"collection":[{"href":"https:\/\/maxradio923.com.ar\/index.php\/wp-json\/wp\/v2\/posts"}],"about":[{"href":"https:\/\/maxradio923.com.ar\/index.php\/wp-json\/wp\/v2\/types\/post"}],"author":[{"embeddable":true,"href":"https:\/\/maxradio923.com.ar\/index.php\/wp-json\/wp\/v2\/users\/2"}],"replies":[{"embeddable":true,"href":"https:\/\/maxradio923.com.ar\/index.php\/wp-json\/wp\/v2\/comments?post=10350"}],"version-history":[{"count":0,"href":"https:\/\/maxradio923.com.ar\/index.php\/wp-json\/wp\/v2\/posts\/10350\/revisions"}],"wp:featuredmedia":[{"embeddable":true,"href":"https:\/\/maxradio923.com.ar\/index.php\/wp-json\/wp\/v2\/media\/10351"}],"wp:attachment":[{"href":"https:\/\/maxradio923.com.ar\/index.php\/wp-json\/wp\/v2\/media?parent=10350"}],"wp:term":[{"taxonomy":"category","embeddable":true,"href":"https:\/\/maxradio923.com.ar\/index.php\/wp-json\/wp\/v2\/categories?post=10350"},{"taxonomy":"post_tag","embeddable":true,"href":"https:\/\/maxradio923.com.ar\/index.php\/wp-json\/wp\/v2\/tags?post=10350"}],"curies":[{"name":"wp","href":"https:\/\/api.w.org\/{rel}","templated":true}]}}