{"id":10344,"date":"2023-11-02T20:43:57","date_gmt":"2023-11-02T23:43:57","guid":{"rendered":"https:\/\/maxradio923.com\/index.php\/2023\/11\/02\/sergio-massa-vuelve-a-aprovecharse-de-los-fondos-publicos-para-financiar-sus-anuncios-de-campana\/"},"modified":"2023-11-02T20:43:57","modified_gmt":"2023-11-02T23:43:57","slug":"sergio-massa-vuelve-a-aprovecharse-de-los-fondos-publicos-para-financiar-sus-anuncios-de-campana","status":"publish","type":"post","link":"https:\/\/maxradio923.com.ar\/index.php\/2023\/11\/02\/sergio-massa-vuelve-a-aprovecharse-de-los-fondos-publicos-para-financiar-sus-anuncios-de-campana\/","title":{"rendered":"Sergio Massa vuelve a aprovecharse de los fondos p\u00fablicos para financiar sus anuncios de campa\u00f1a"},"content":{"rendered":"<p>Sergio Massa vuelve a aprovecharse de los fondos p\u00fablicos para financiar sus anuncios de campa\u00f1a<\/p>\n<p>El balotaje oblig\u00f3 a extender la campa\u00f1a electoral hasta el viernes 17 de noviembre a las 8 de la ma\u00f1ana. Y Sergio Massa volvi\u00f3 a fusionar sus<strong> necesidades de candidato a Presidente con sus atribuciones como ministro de Econom\u00eda. Y<\/strong>a empez\u00f3 con anuncios oficiales que se parecen, mucho, a actividades de campa\u00f1a. <\/p>\n<p>Naturalmente, detr\u00e1s de esta estrategia est\u00e1n los<strong> fondos p\u00fablicos<\/strong>. Es algo que viene ocurriendo desde antes de las PASO, se intensific\u00f3 entre las primarias y la primera vuelta y, desde ya, continuar\u00e1 desde ahora <strong>hasta que suene la campana de la veda electoral.<\/strong><\/p>\n<p>Los nuevos anuncios, a los que ya se hizo costumbre identificarlos como <strong>\u201cplanes platita\u201d,<\/strong> tienen como protagonista y sost\u00e9n a <strong>los fondos de la ANSeS<\/strong>, organismo receptor y ejecutor de la porci\u00f3n m\u00e1s gruesa de los recursos p\u00fablicos.<\/p>\n<h2>Jubilaci\u00f3n anticipada<\/h2>\n<p>Por un lado, el tandem Sergio Massa-Fernanda Raverta, titular de la ANSeS, anunci\u00f3 que se mantiene abierta la ventanilla para que personas desocupadas que ya tengan 30 a\u00f1os de aportes laborales <strong>puedan acceder al beneficio jubilatorio antes de la edad en la que les corresponder\u00eda.<\/strong><\/p>\n<p>Esta pol\u00edtica, que incluye a mujeres de 55 a 59 a\u00f1os y varones de 60 a 64 a\u00f1os que cuenten con los 30 a\u00f1os de aportes realizados y a partir de ahora a quienes no tengan empleo registrado al 30 de junio de 2023, hab\u00eda sido implementada a trav\u00e9s del Decreto 674 en octubre de 2021 y <strong>venci\u00f3 el pasado 30 de septiembre.<\/strong><\/p>\n<p>Por esa v\u00eda ya obtuvieron el beneficio m\u00e1s de<strong> 23 mil personas. <\/strong>Desde el momento en que obtienen el beneficio y hasta que cumplan 60 a\u00f1os las mujeres y 65 los hombres, <strong>percibir\u00e1n el 80% de lo que les corresponder\u00e1 desde el d\u00eda que lleguen a dicha edad. Luego, el 100%.<\/strong><\/p>\n<p>La ANSeS record\u00f3 que la Jubilaci\u00f3n Anticipada es incompatible con el trabajo en relaci\u00f3n de dependencia o aut\u00f3nomo y con otros planes sociales o beneficios previsionales.<\/p>\n<h2>M\u00e1s cr\u00e9ditos<\/h2>\n<p>Por otra parte , el Gobierno relanz\u00f3 cr\u00e9ditos <strong>financiados por la ANSeS.<\/strong> As\u00ed, amplio hasta $ 1 mill\u00f3n los pr\u00e9stamos para empleados y tambi\u00e9n suben los topes para los pr\u00e9stamos que soliciten los jubilados, que llegar\u00e1n hasta los $ 600.000.<\/p>\n<p>Massa dijo que aspiran a que &quot;esta medida sirva, en muchos casos, para resolver temas de endeudamiento, de tarjeta de cr\u00e9dito, de mutuales, que sabemos que a veces complican la vida del trabajador&quot;. Y agreg\u00f3 que los que no tienen deuda pueden usar los cr\u00e9ditos para &quot;avanzar de manera bancarizada, de manera digital, con la compra de bienes o con la contrataci\u00f3n de aquellos servicios, ya sea para la familia o de turismo, que necesiten\u201d.<\/p>\n<p>Los funcionarios aclaran el dinero no se puede utilizar en efectivo para hacer un plazo fijo,<strong> ni para comprar d\u00f3lares<\/strong>. La tasa de inter\u00e9s de la l\u00ednea para los trabajadores es de 50%, y para jubilados, 29%,<strong> contra una tasa de mercado del 300% anual.<\/strong><\/p>\n<p>Como ya cont\u00f3 <strong>Clar\u00edn<\/strong> tiempo atr\u00e1s, y queda m\u00e1s claro que nunca tras estos anuncios, es que Massa puso la caja del Estado al servicio de su candidatura presidencial. La suma de los varios planes platita que se anunciaron en los \u00faltimos meses supera largamente los 2 billones de pesos. La contraparte es que se increment\u00f3 el d\u00e9ficit fiscal en al menos un punto porcentual.<\/p>\n<p>La estrategia de Massa es <strong>jugar a fondo con los recursos p\u00fablicos<\/strong> y ver qu\u00e9 pasa cuando se cuenten los votos.<\/p>\n<p>Adem\u00e1s de apelar a los fondos del Estado, Massa apost\u00f3 a varios congelamientos de precios. El principal, el tipo de cambio oficial, <strong>clavado en 350 pesos desde el lunes 14 de agosto<\/strong>. Tambi\u00e9n congel\u00f3 tarifas de servicios p\u00fablicos, mientras la inflaci\u00f3n crece a un ritmo del 11 o 12% mensual. Una olla a presi\u00f3n.<\/p>\n<p>Tambi\u00e9n resign\u00f3 fondos por los cambios en el impuesto a las Ganancias: eximi\u00f3 de pagar dicho impuesto a los asalariados que perciban hasta 2 millones mensuales. Y alivi\u00f3 sensiblemente a los que cobran por encima de esa cifra.<\/p>\n<p>Adem\u00e1s, increment\u00f3 el gasto con bonos para jubilados; otro para reforzar los ingresos de los beneficiarios del Plan Potenciar Trabajo y la Tarjeta Alimentar; otro para empleados p\u00fablicos y privados y otro destinado a empleadas de casas particulares.<\/p>\n<p>Avanz\u00f3 con la devoluci\u00f3n del IVA y con un proyecto de ley para aliviar la presi\u00f3n fiscal sobre los trabajadores aut\u00f3nomos.<\/p>\n<p>Manotazos al presupuesto que habr\u00e1 que corregir r\u00e1pidamente desde el lunes siguiente a las elecciones. Gane quien gane.<\/p>\n","protected":false},"excerpt":{"rendered":"<p>Sergio Massa vuelve a aprovecharse de los fondos p\u00fablicos para financiar sus anuncios de campa\u00f1aEl balotaje oblig\u00f3 a extender la campa\u00f1a electoral hasta el viernes 17 de noviembre a las 8 de la ma\u00f1ana. Y Sergio Massa volvi\u00f3 a fusionar sus necesidades de candidato a Presidente con sus atribuciones como ministro de Econom\u00eda. Ya empez\u00f3 con anuncios oficiales que se parecen, mucho, a actividades de campa\u00f1a.<br \/>\nNaturalmente, detr\u00e1s de esta estrategia est\u00e1n los fondos p\u00fablicos. Es algo que viene ocurriendo desde antes de las PASO, se intensific\u00f3 entre las primarias y la primera vuelta y, desde ya, continuar\u00e1 desde ahora hasta que suene la campana de la veda electoral.<br \/>\nLos nuevos anuncios, a los que ya se hizo costumbre identificarlos como \u201cplanes platita\u201d, tienen como protagonista y sost\u00e9n a los fondos de la ANSeS, organismo receptor y ejecutor de la porci\u00f3n m\u00e1s gruesa de los recursos p\u00fablicos.<br \/>\nJubilaci\u00f3n anticipadaPor un lado, el tandem Sergio Massa-Fernanda Raverta, titular de la ANSeS, anun..<\/p>\n","protected":false},"author":2,"featured_media":10345,"comment_status":"","ping_status":"","sticky":false,"template":"","format":"standard","meta":{"footnotes":""},"categories":[2],"tags":[],"_links":{"self":[{"href":"https:\/\/maxradio923.com.ar\/index.php\/wp-json\/wp\/v2\/posts\/10344"}],"collection":[{"href":"https:\/\/maxradio923.com.ar\/index.php\/wp-json\/wp\/v2\/posts"}],"about":[{"href":"https:\/\/maxradio923.com.ar\/index.php\/wp-json\/wp\/v2\/types\/post"}],"author":[{"embeddable":true,"href":"https:\/\/maxradio923.com.ar\/index.php\/wp-json\/wp\/v2\/users\/2"}],"replies":[{"embeddable":true,"href":"https:\/\/maxradio923.com.ar\/index.php\/wp-json\/wp\/v2\/comments?post=10344"}],"version-history":[{"count":0,"href":"https:\/\/maxradio923.com.ar\/index.php\/wp-json\/wp\/v2\/posts\/10344\/revisions"}],"wp:featuredmedia":[{"embeddable":true,"href":"https:\/\/maxradio923.com.ar\/index.php\/wp-json\/wp\/v2\/media\/10345"}],"wp:attachment":[{"href":"https:\/\/maxradio923.com.ar\/index.php\/wp-json\/wp\/v2\/media?parent=10344"}],"wp:term":[{"taxonomy":"category","embeddable":true,"href":"https:\/\/maxradio923.com.ar\/index.php\/wp-json\/wp\/v2\/categories?post=10344"},{"taxonomy":"post_tag","embeddable":true,"href":"https:\/\/maxradio923.com.ar\/index.php\/wp-json\/wp\/v2\/tags?post=10344"}],"curies":[{"name":"wp","href":"https:\/\/api.w.org\/{rel}","templated":true}]}}