{"id":10306,"date":"2023-11-02T14:33:56","date_gmt":"2023-11-02T17:33:56","guid":{"rendered":"https:\/\/maxradio923.com\/index.php\/2023\/11\/02\/clima-de-tension-en-el-recuento-de-votos-de-la-eleccion-en-la-plata-aparecieron-urnas-con-todos-los-sobres-vacios\/"},"modified":"2023-11-02T14:33:56","modified_gmt":"2023-11-02T17:33:56","slug":"clima-de-tension-en-el-recuento-de-votos-de-la-eleccion-en-la-plata-aparecieron-urnas-con-todos-los-sobres-vacios","status":"publish","type":"post","link":"https:\/\/maxradio923.com.ar\/index.php\/2023\/11\/02\/clima-de-tension-en-el-recuento-de-votos-de-la-eleccion-en-la-plata-aparecieron-urnas-con-todos-los-sobres-vacios\/","title":{"rendered":"Clima de tensi\u00f3n en el recuento de votos de la elecci\u00f3n en La Plata: aparecieron urnas con todos los sobres vac\u00edos"},"content":{"rendered":"<p>Clima de tensi\u00f3n en el recuento de votos de la elecci\u00f3n en La Plata: aparecieron urnas con todos los sobres vac\u00edos<\/p>\n<p>Como una muestra de mayor complejidad en el escrutinio definitivo para determinar qui\u00e9n es el intendente electo de La Plata, ante las autoridades de Junta Electoral y apoderados, se verific\u00f3 que en la mesa de una escuela de la localidad de Villa Elvira, <strong>la urna correspondiente ten\u00eda todos los sobres vac\u00edos. Sin boletas.<\/strong> En una irregularidad flagrante que determinar\u00eda, eventualmente, volver a votar en esa mesa impugnada.<\/p>\n<p><strong>Ese imponderable retrasar\u00eda, a\u00fan m\u00e1s, el resultado electoral <\/strong>en la capital provincial, la segunda en cantidad de electores de la Provincia.<\/p>\n<p>Habr\u00eda otra mesa con similares inconsistencias. El tr\u00e1mite de revisi\u00f3n se realiza en los tribunales federales platenses sobre 79 urnas que presentar\u00edan anomal\u00edas entre las actas y los certificados. Esa determinaci\u00f3n fue adoptada por el juez Alejo Ramos Padilla, ante la presentaci\u00f3n de Juntos por el Cambio.<\/p>\n<p>Ahora, tambi\u00e9n, hay un foco en una mesa de Abasto. La cuestionada, hasta ahora, es la n\u00famero es la n\u00famero 1528, que ser\u00eda de Villa Elvira. La urna conten\u00eda sobres pero dentro de ellos no hab\u00eda boletas. La constancia est\u00e1 en un video que se viraliza en las redes sociales.<\/p>\n<p>Aqu\u00ed comienza un conflicto legal, de car\u00e1cter casi t\u00e9cnico, porque los apoderados de <strong>Uni\u00f3n por la Patria<\/strong> sostienen que las actas y los telegramas est\u00e1n firmados por el presidente de mesa y por los fiscales, incluidos los que representaron a Garro y Guma, de La Libertad Avanza. Por esta raz\u00f3n consideran que es v\u00e1lida en funci\u00f3n de los documentos, como constancia, \u201cque son los que valen\u201d.<\/p>\n<p><strong>De todas maneras, la irregularidad manifiesta provocar\u00e1 otra impugnaci\u00f3n.<\/strong> Existen antecedentes de \u00f3rdenes electoral, para casos de esta naturaleza, de un nuevo comicio en el lugar donde se detect\u00f3 la incorrecci\u00f3n.<\/p>\n<p><em>Noticia en desarrollo<\/em><\/p>\n","protected":false},"excerpt":{"rendered":"<p>Clima de tensi\u00f3n en el recuento de votos de la elecci\u00f3n en La Plata: aparecieron urnas con todos los sobres vac\u00edosComo una muestra de mayor complejidad en el escrutinio definitivo para determinar qui\u00e9n es el intendente electo de La Plata, ante las autoridades de Junta Electoral y apoderados, se verific\u00f3 que en la mesa de una escuela de la localidad de Villa Elvira, la urna correspondiente ten\u00eda todos los sobres vac\u00edos. Sin boletas. En una irregularidad flagrante que determinar\u00eda, eventualmente, volver a votar en esa mesa impugnada.<br \/>\nEse imponderable retrasar\u00eda, a\u00fan m\u00e1s, el resultado electoral en la capital provincial, la segunda en cantidad de electores de la Provincia.<br \/>\nHabr\u00eda otra mesa con similares inconsistencias. El tr\u00e1mite de revisi\u00f3n se realiza en los tribunales federales platenses sobre 79 urnas que presentar\u00edan anomal\u00edas entre las actas y los certificados. Esa determinaci\u00f3n fue adoptada por el juez Alejo Ramos Padilla, ante la presentaci\u00f3n de Juntos por el Cambio.<br \/>\nAhora, tambi\u00e9n..<\/p>\n","protected":false},"author":2,"featured_media":10307,"comment_status":"","ping_status":"","sticky":false,"template":"","format":"standard","meta":{"footnotes":""},"categories":[7],"tags":[],"_links":{"self":[{"href":"https:\/\/maxradio923.com.ar\/index.php\/wp-json\/wp\/v2\/posts\/10306"}],"collection":[{"href":"https:\/\/maxradio923.com.ar\/index.php\/wp-json\/wp\/v2\/posts"}],"about":[{"href":"https:\/\/maxradio923.com.ar\/index.php\/wp-json\/wp\/v2\/types\/post"}],"author":[{"embeddable":true,"href":"https:\/\/maxradio923.com.ar\/index.php\/wp-json\/wp\/v2\/users\/2"}],"replies":[{"embeddable":true,"href":"https:\/\/maxradio923.com.ar\/index.php\/wp-json\/wp\/v2\/comments?post=10306"}],"version-history":[{"count":0,"href":"https:\/\/maxradio923.com.ar\/index.php\/wp-json\/wp\/v2\/posts\/10306\/revisions"}],"wp:featuredmedia":[{"embeddable":true,"href":"https:\/\/maxradio923.com.ar\/index.php\/wp-json\/wp\/v2\/media\/10307"}],"wp:attachment":[{"href":"https:\/\/maxradio923.com.ar\/index.php\/wp-json\/wp\/v2\/media?parent=10306"}],"wp:term":[{"taxonomy":"category","embeddable":true,"href":"https:\/\/maxradio923.com.ar\/index.php\/wp-json\/wp\/v2\/categories?post=10306"},{"taxonomy":"post_tag","embeddable":true,"href":"https:\/\/maxradio923.com.ar\/index.php\/wp-json\/wp\/v2\/tags?post=10306"}],"curies":[{"name":"wp","href":"https:\/\/api.w.org\/{rel}","templated":true}]}}