{"id":10302,"date":"2023-11-02T14:24:01","date_gmt":"2023-11-02T17:24:01","guid":{"rendered":"https:\/\/maxradio923.com\/index.php\/2023\/11\/02\/empleos-precarios-predominan-las-mujeres-y-los-jovenes-de-menos-de-35-anos\/"},"modified":"2023-11-02T14:24:01","modified_gmt":"2023-11-02T17:24:01","slug":"empleos-precarios-predominan-las-mujeres-y-los-jovenes-de-menos-de-35-anos","status":"publish","type":"post","link":"https:\/\/maxradio923.com.ar\/index.php\/2023\/11\/02\/empleos-precarios-predominan-las-mujeres-y-los-jovenes-de-menos-de-35-anos\/","title":{"rendered":"Empleos precarios: predominan las mujeres y los j\u00f3venes de menos de 35 a\u00f1os"},"content":{"rendered":"<p>Empleos precarios: predominan las mujeres y los j\u00f3venes de menos de 35 a\u00f1os<\/p>\n<p>Los j\u00f3venes de menos de 35 a\u00f1os predominan en el Registro Nacional de Trabajadores de la Econom\u00eda Popular (Renatep) que incluye a quienes<strong> trabajan en su gran mayor\u00eda en la informalidad<\/strong>, en condiciones de<strong> pobreza y precariedad extrema.<\/strong><\/p>\n<p>El Renatep ya cuenta con 3.618.606 inscriptos y <strong>dos de cada tres tiene entre 18 y 35 a\u00f1os<\/strong>. Son 2.238.219, de los cuales 867.688 tienen entre 18 y 24 a\u00f1os y 1.370.539 entre 25 y 35 a\u00f1os. Y<strong> en 10 provincias hay m\u00e1s trabajadores anotados<\/strong> en este Registro <strong>que trabajadores privados <\/strong>registrados ante la Seguridad Social, seg\u00fan el Informe \u201cJuventudes y Econom\u00eda Popular en el RENATEP\u201d, con cifras a abril 2023.<\/p>\n<p>Del total de los 3.618.606 inscriptos, <strong>\u201cs\u00f3lo el 29,5% se encuentra dentro del Potenciar Trabajo<\/strong>\u201d, dice el Informe. Son poco m\u00e1s de un mill\u00f3n.<\/p>\n<p>El Renatep comprende a vendedores ambulantes, personas que trabajan en comedores y merenderos comunitarios, fundamentalmente mujeres, feriantes, artesanos, cartoneros, recolectores informales de basura, limpiadores de vidrio de autos, peque\u00f1os agricultores; y de la construcci\u00f3n; quienes trabajan en infraestructura social y mejoramiento ambiental y peque\u00f1os productores y productoras manufactureras, entre otros rubros.<\/p>\n<p>As\u00ed las cifras oficiales marcan el nivel de precariedad e hipoteca en todos los \u00f3rdenes (laboral, social, econ\u00f3mica, seguridad social, educativa, etc) que sufre la poblaci\u00f3n joven.<\/p>\n<p>Seg\u00fan el Informe Oficial:<\/p>\n<p>\u2022\tEn la poblaci\u00f3n del Renatep<strong> predominan las mujeres<\/strong>; son 2.106.761 (58,2%).<\/p>\n<p>\u2022\tEl <strong>62,9%<\/strong> de los\/as trabajadores\/as tiene<strong> entre los 18 y 35 a\u00f1os <\/strong>de edad. Esto contrasta con el empleo registrado del sector privado del SIPA donde<strong> la proporci\u00f3n en esa franja etaria es del 40,1%.<\/strong><\/p>\n<p>\u2022\tSi se compara la cantidad de inscriptos al Renatep con los asalariados registrados en el SIPA (Sistema Previsional) en t\u00e9rminos geogr\u00e1ficos, <strong>en 10 provincias hay m\u00e1s inscripciones en el registro de la econom\u00eda popular.<\/strong> Son: Tucum\u00e1n, Chaco, Salta, Santiago del Estero, Misiones, Jujuy, Formosa, Corrientes, Catamarca y La Rioja.<\/p>\n<p>\u2022\tEn tanto, en 12 provincias (Buenos Aires, Tucum\u00e1n, Chaco, Salta, Santiago del Estero, Misiones, Jujuy, Mendoza, Corrientes, San Juan, San Luis y Santa Cruz) <strong>la econom\u00eda popular <\/strong>registrada <strong>supera en cantidad a los asalariados registrados del sector p\u00fablico.<\/strong><\/p>\n<p>\u2022\tEn cuanto a la inscripci\u00f3n fiscal,  s\u00f3lo el 10,5% est\u00e1 inscripto en algunas de las categor\u00edas del r\u00e9gimen simplificado para peque\u00f1os contribuyentes y el 9,7% corresponde al Monotributo Social.<\/p>\n<p><em>NE<\/em><\/p>\n","protected":false},"excerpt":{"rendered":"<p>Empleos precarios: predominan las mujeres y los j\u00f3venes de menos de 35 a\u00f1osLos j\u00f3venes de menos de 35 a\u00f1os predominan en el Registro Nacional de Trabajadores de la Econom\u00eda Popular (Renatep) que incluye a quienes trabajan en su gran mayor\u00eda en la informalidad, en condiciones de pobreza y precariedad extrema.<br \/>\nEl Renatep ya cuenta con 3.618.606 inscriptos y dos de cada tres tiene entre 18 y 35 a\u00f1os. Son 2.238.219, de los cuales 867.688 tienen entre 18 y 24 a\u00f1os y 1.370.539 entre 25 y 35 a\u00f1os. Y en 10 provincias hay m\u00e1s trabajadores anotados en este Registro que trabajadores privados registrados ante la Seguridad Social, seg\u00fan el Informe \u201cJuventudes y Econom\u00eda Popular en el RENATEP\u201d, con cifras a abril 2023.<br \/>\nDel total de los 3.618.606 inscriptos, \u201cs\u00f3lo el 29,5% se encuentra dentro del Potenciar Trabajo\u201d, dice el Informe. Son poco m\u00e1s de un mill\u00f3n.<br \/>\nEl Renatep comprende a vendedores ambulantes, personas que trabajan en comedores y merenderos comunitarios, fundamentalmente mujeres, feriantes..<\/p>\n","protected":false},"author":2,"featured_media":10303,"comment_status":"","ping_status":"","sticky":false,"template":"","format":"standard","meta":{"footnotes":""},"categories":[2],"tags":[],"_links":{"self":[{"href":"https:\/\/maxradio923.com.ar\/index.php\/wp-json\/wp\/v2\/posts\/10302"}],"collection":[{"href":"https:\/\/maxradio923.com.ar\/index.php\/wp-json\/wp\/v2\/posts"}],"about":[{"href":"https:\/\/maxradio923.com.ar\/index.php\/wp-json\/wp\/v2\/types\/post"}],"author":[{"embeddable":true,"href":"https:\/\/maxradio923.com.ar\/index.php\/wp-json\/wp\/v2\/users\/2"}],"replies":[{"embeddable":true,"href":"https:\/\/maxradio923.com.ar\/index.php\/wp-json\/wp\/v2\/comments?post=10302"}],"version-history":[{"count":0,"href":"https:\/\/maxradio923.com.ar\/index.php\/wp-json\/wp\/v2\/posts\/10302\/revisions"}],"wp:featuredmedia":[{"embeddable":true,"href":"https:\/\/maxradio923.com.ar\/index.php\/wp-json\/wp\/v2\/media\/10303"}],"wp:attachment":[{"href":"https:\/\/maxradio923.com.ar\/index.php\/wp-json\/wp\/v2\/media?parent=10302"}],"wp:term":[{"taxonomy":"category","embeddable":true,"href":"https:\/\/maxradio923.com.ar\/index.php\/wp-json\/wp\/v2\/categories?post=10302"},{"taxonomy":"post_tag","embeddable":true,"href":"https:\/\/maxradio923.com.ar\/index.php\/wp-json\/wp\/v2\/tags?post=10302"}],"curies":[{"name":"wp","href":"https:\/\/api.w.org\/{rel}","templated":true}]}}