{"id":10252,"date":"2023-11-02T07:54:18","date_gmt":"2023-11-02T10:54:18","guid":{"rendered":"https:\/\/maxradio923.com\/index.php\/2023\/11\/02\/sorpresa-la-encuestadora-que-mide-para-massa-lo-tiene-arriba-a-milei-para-el-balotaje\/"},"modified":"2023-11-02T07:54:18","modified_gmt":"2023-11-02T10:54:18","slug":"sorpresa-la-encuestadora-que-mide-para-massa-lo-tiene-arriba-a-milei-para-el-balotaje","status":"publish","type":"post","link":"https:\/\/maxradio923.com.ar\/index.php\/2023\/11\/02\/sorpresa-la-encuestadora-que-mide-para-massa-lo-tiene-arriba-a-milei-para-el-balotaje\/","title":{"rendered":"Sorpresa: la encuestadora que mide para Massa lo tiene arriba a Milei para el balotaje"},"content":{"rendered":"<p>Sorpresa: la encuestadora que mide para Massa lo tiene arriba a Milei para el balotaje<\/p>\n<p>\u00bfFiltraci\u00f3n u operaci\u00f3n? La aparici\u00f3n de una <strong>nueva encuesta<\/strong> de la consultora que tiene como cara visible a <strong>Sebasti\u00e1n Galmarini<\/strong>, cu\u00f1ado de <strong>Sergio Massa<\/strong>, gener\u00f3 un fuerte revuelo en el \u00e1mbito pol\u00edtico. La sorpresa vino porque cuando se repasan los<strong> n\u00fameros para el balotaje<\/strong>, figura <strong>arriba Javier Milei<\/strong>. Por poco, pero arriba.<\/p>\n<p>El relevamiento de <strong><em>Inteligencia Anal\u00edtica<\/em><\/strong> es ampl\u00edsimo, de<strong> 17.395 casos<\/strong> acumulados en todo el pa\u00eds entre el 23 y el 29 de octubre, con +\/- 1,18% de margen de error. <\/p>\n<p><strong>Cuando se pregunta por espacio de cara a la segunda vuelta del 19 de noviembre, proyectando s\u00f3lo votos afirmativos, la Libertad Avanza le saca 5 puntos a Uni\u00f3n por la Patria: 52,5% vs. 47,5%. Y cuando el planteo se hace por f\u00f3rmula, Milei-Villarruel terminan 1,2 punto por encima de Massa-Rossi: 50,6% a 49,4%.<\/strong><\/p>\n<p>Seg\u00fan le consta a <strong>Clar\u00edn<\/strong>, el informe circula en importantes oficinas de Juntos por el Cambio. No est\u00e1 claro c\u00f3mo lleg\u00f3 hasta all\u00ed. De ah\u00ed la duda. <strong>\u00bfSe filtr\u00f3 por un descuido? \u00bfO se lo difundi\u00f3 desde el massismo con alguna intenci\u00f3n?<\/strong> Ambas hip\u00f3tesis muestran puntos d\u00e9biles y\/o interrogantes de dif\u00edcil respuesta.<\/p>\n<p>Como ya cont\u00f3 este diario, luego del triunfo por casi siete puntos de Massa sobre Milei (36,78% a 29,99% seg\u00fan el escrutinio definitivo), desde ciertos sectores del oficialismo (dirigentes y medios afines) se busc\u00f3 instalar la idea de &quot;partido liquidado&quot; e incluso la posibilidad de que Milei se baje del balotaje. Pero <strong>esto \u00faltimo no ocurri\u00f3 y lo primero entr\u00f3 en debate<\/strong>.<\/p>\n<p>Si bien aparecieron encuestas cercanas al oficialismo que daban a su candidato con una ventaja de entre 8 y 10 puntos a su favor (como las de <strong><em>Analog\u00edas<\/em><\/strong> y <strong><em>Proyecci\u00f3n<\/em><\/strong> que anticip\u00f3 este diario), tambi\u00e9n empezaron a difundirse otras con escenarios m\u00e1s parejos (como las de <strong><em>CB Consultora Opini\u00f3n P\u00fablica<\/em><\/strong> y <strong><em>Zuban C\u00f3rdoba<\/em><\/strong>, que tambi\u00e9n adelant\u00f3 <strong>Clar\u00edn<\/strong>).<\/p>\n<p>Con <strong>dos datos de contexto inc\u00f3modos<\/strong> para <strong>Uni\u00f3n por la Patria<\/strong>, que explicar\u00edan esta aparente paridad:<\/p>\n<ul>\n<li>Por un lado, los votantes de Patricia Bullrich (6,2 millones) y Juan Schiaretti (1,8 mill\u00f3n) en su mayor\u00eda se mostrar\u00edan proclives a votar a Milei. Sobre todo los del PRO. Massa s\u00f3lo estar\u00eda prevaleciendo claramente entre los electores de Myriam Bregman, pero estos no llegaron al mill\u00f3n.<\/li>\n<\/ul>\n<ul>\n<li>Por el otro, las encuestas que midieron el impacto del acuerdo de Macri y Bullrich con Milei, muestran que no produjo una estampida hacia el oficialismo ni mucho menos, m\u00e1s all\u00e1 de las internas que desat\u00f3 en la oposici\u00f3n y de las cr\u00edticas que puedan hacerse a la actitud del ex presidente.<\/li>\n<\/ul>\n<h2>Los n\u00fameros que maneja el massismo<\/h2>\n<p>Lo llamativo del sondeo de <strong><em>Inteligencia Anal\u00edtica<\/em><\/strong> es que abona mucho m\u00e1s la hip\u00f3tesis de paridad de consultoras no tan cercanas al Gobierno. Y no sorprende porque los n\u00fameros no puedan ser ciertos -quien est\u00e1 a cargo de los sondeos de este firma, <strong>Marcelo Escolar<\/strong>, es muy respetado entre sus colegas-; lo extra\u00f1o es que hayan trascendido.<\/p>\n<p>Como sea, vale un repaso por las cifras. Que pueden dividirse en dos, con un plus. Primero, la <strong>intenci\u00f3n de voto por espacio y por f\u00f3rmula<\/strong> para el balotaje. Y como extra, los <strong>pisos y techos electorales<\/strong> de los candidatos. S\u00f3lo en este \u00faltimo punto hay una peque\u00f1a ventaja para Massa; en los otros dos, tambi\u00e9n por poco, prevalecen La Libertad Avanza y Milei.<\/p>\n<p>v1.7 0421<\/p>\n<p>          Intenci\u00f3n de voto por espacio para el balotaje        <\/p>\n<p>En porcentaje        <\/p>\n<p><\/p>\n<p>          Fuente: <strong> Inteligencia Anal\u00edtica<\/strong>           Infograf\u00eda: <strong>Clar\u00edn<\/strong>      <\/p>\n<p>&quot;Si las elecciones presidenciales de segunda vuelta fueran ma\u00f1ana, \u00bfal candidato de qu\u00e9 espacio pol\u00edtico votar\u00eda?&quot;, plantea de arranque <strong><em>Inteligencia Anal\u00edtica<\/em><\/strong>. Y <strong>La Libertad Avanza<\/strong> queda arriba con <strong>41%<\/strong>, contra <strong>37,2%<\/strong> de <strong>Uni\u00f3n por la Patria<\/strong>. Completan <strong>10,7%<\/strong> de <strong>&quot;en blanco&quot;<\/strong> y <strong>11,1%<\/strong> de <strong>&quot;no sabe&quot;<\/strong>.<\/p>\n<p><strong>Cuando se proyectan los votos afirmativos, tal como cuenta la Justicia en la elecci\u00f3n, la diferencia se ampl\u00eda: 52,5% a 47,5%, siempre con los libertarios adelante. <\/strong><\/p>\n<p>Luego viene la pregunta m\u00e1s espec\u00edfica,<strong> por f\u00f3rmula<\/strong>. Tambi\u00e9n con las respuestas originales y luego proyectando s\u00f3lo votos afirmativos. Y aqu\u00ed, si bien la brecha se achica al rango del<strong> &quot;empate t\u00e9cnico&quot;<\/strong>, vuelven a quedar <strong>arriba<\/strong> <strong>Milei-Villarruel<\/strong>.<\/p>\n<p>v1.7 0421<\/p>\n<p>          Intenci\u00f3n de voto por f\u00f3rmula        <\/p>\n<p>En porcentaje        <\/p>\n<p><\/p>\n<p>          Fuente: <strong> Inteligencia Anal\u00edtica<\/strong>           Infograf\u00eda: <strong>Clar\u00edn<\/strong>      <\/p>\n<p>&quot;Si los candidatos a Presidente y Vicepresidente en la segunda vuelta electoral fueran los siguientes, \u00bfa cu\u00e1l votar\u00eda?&quot;, indaga el estudio. De entrada, la diferencia es \u00ednfima: <strong>Milei-Villarruel 43,3%<\/strong> vs. <strong>Massa-Rossi 43,1%<\/strong>, con 6,3% de &quot;en blanco&quot; y 7,3% de &quot;no sabe&quot;.<\/p>\n<p><strong>Luego, despejando las otras variables y dejando solos a los binomios, el d\u00fao libertario crece a 50,6% y el oficialista a 49,4%.<\/strong><\/p>\n<p>Otra medici\u00f3n que hace IA es la de <strong>pisos y techos<\/strong> de votos. Y all\u00ed el postulante oficialista queda con una peque\u00f1a ventaja.<strong> &quot;\u00bfVotar\u00eda como candidato a Presidente a Sergio Massa?&quot;<\/strong>, plantea la encuesta: <strong>47,5% &quot;lo votar\u00eda&quot;<\/strong>, 6,4% &quot;puede que lo vote&quot;, <strong>42,5% &quot;nunca lo votar\u00eda&quot;<\/strong> y 3,6% &quot;no sabe&quot;.<\/p>\n<p>Cuando se hace la misma pregunta respecto a <strong>Milei<\/strong>, su piso (<strong>&quot;lo votar\u00eda&quot;<\/strong>) es m\u00e1s bajo (<strong>40,7%<\/strong>) y su rechazo (<strong>&quot;nunca lo votar\u00eda&quot;<\/strong>), m\u00e1s alto (<strong>45,5%<\/strong>). Completa con 9,2% de &quot;puede que lo vote&quot; y 4,6% de &quot;no sabe&quot;.<\/p>\n","protected":false},"excerpt":{"rendered":"<p>Sorpresa: la encuestadora que mide para Massa lo tiene arriba a Milei para el balotaje\u00bfFiltraci\u00f3n u operaci\u00f3n? La aparici\u00f3n de una nueva encuesta de la consultora que tiene como cara visible a Sebasti\u00e1n Galmarini, cu\u00f1ado de Sergio Massa, gener\u00f3 un fuerte revuelo en el \u00e1mbito pol\u00edtico. La sorpresa vino porque cuando se repasan los n\u00fameros para el balotaje, figura arriba Javier Milei. Por poco, pero arriba.<br \/>\nEl relevamiento de Inteligencia Anal\u00edtica es ampl\u00edsimo, de 17.395 casos acumulados en todo el pa\u00eds entre el 23 y el 29 de octubre, con +\/- 1,18% de margen de error.<br \/>\nCuando se pregunta por espacio de cara a la segunda vuelta del 19 de noviembre, proyectando s\u00f3lo votos afirmativos, la Libertad Avanza le saca 5 puntos a Uni\u00f3n por la Patria: 52,5% vs. 47,5%. Y cuando el planteo se hace por f\u00f3rmula, Milei-Villarruel terminan 1,2 punto por encima de Massa-Rossi: 50,6% a 49,4%.<br \/>\nSeg\u00fan le consta a Clar\u00edn, el informe circula en importantes oficinas de Juntos por el Cambio. No est\u00e1 claro c\u00f3mo l..<\/p>\n","protected":false},"author":2,"featured_media":10253,"comment_status":"","ping_status":"","sticky":false,"template":"","format":"standard","meta":{"footnotes":""},"categories":[7],"tags":[],"_links":{"self":[{"href":"https:\/\/maxradio923.com.ar\/index.php\/wp-json\/wp\/v2\/posts\/10252"}],"collection":[{"href":"https:\/\/maxradio923.com.ar\/index.php\/wp-json\/wp\/v2\/posts"}],"about":[{"href":"https:\/\/maxradio923.com.ar\/index.php\/wp-json\/wp\/v2\/types\/post"}],"author":[{"embeddable":true,"href":"https:\/\/maxradio923.com.ar\/index.php\/wp-json\/wp\/v2\/users\/2"}],"replies":[{"embeddable":true,"href":"https:\/\/maxradio923.com.ar\/index.php\/wp-json\/wp\/v2\/comments?post=10252"}],"version-history":[{"count":0,"href":"https:\/\/maxradio923.com.ar\/index.php\/wp-json\/wp\/v2\/posts\/10252\/revisions"}],"wp:featuredmedia":[{"embeddable":true,"href":"https:\/\/maxradio923.com.ar\/index.php\/wp-json\/wp\/v2\/media\/10253"}],"wp:attachment":[{"href":"https:\/\/maxradio923.com.ar\/index.php\/wp-json\/wp\/v2\/media?parent=10252"}],"wp:term":[{"taxonomy":"category","embeddable":true,"href":"https:\/\/maxradio923.com.ar\/index.php\/wp-json\/wp\/v2\/categories?post=10252"},{"taxonomy":"post_tag","embeddable":true,"href":"https:\/\/maxradio923.com.ar\/index.php\/wp-json\/wp\/v2\/tags?post=10252"}],"curies":[{"name":"wp","href":"https:\/\/api.w.org\/{rel}","templated":true}]}}