{"id":10241,"date":"2023-11-02T06:55:33","date_gmt":"2023-11-02T09:55:33","guid":{"rendered":"https:\/\/maxradio923.com\/index.php\/2023\/11\/02\/grieta-por-el-consumo-de-animales-una-pelicula-abre-un-fuerte-debate-entre-veganos-y-carnivoros\/"},"modified":"2023-11-02T06:55:33","modified_gmt":"2023-11-02T09:55:33","slug":"grieta-por-el-consumo-de-animales-una-pelicula-abre-un-fuerte-debate-entre-veganos-y-carnivoros","status":"publish","type":"post","link":"https:\/\/maxradio923.com.ar\/index.php\/2023\/11\/02\/grieta-por-el-consumo-de-animales-una-pelicula-abre-un-fuerte-debate-entre-veganos-y-carnivoros\/","title":{"rendered":"Grieta por el consumo de animales: una pel\u00edcula abre un fuerte debate entre veganos y carn\u00edvoros"},"content":{"rendered":"<p>Grieta por el consumo de animales: una pel\u00edcula abre un fuerte debate entre veganos y carn\u00edvoros<\/p>\n<p>El estreno en la cartelera comercial de la pel\u00edcula &quot;Reina Animal&quot;, considerado un thriller vegano seg\u00fan su director Moroco Colman, y el reciente D\u00eda Mundial del Veganismo -este mi\u00e9rcoles-, volvieron a poner el debate sobre la mesa. <strong>El maltrato, la matanza e industrializaci\u00f3n de los animales que consume el ser humano<\/strong> se exponen de manera expl\u00edcita en este film, protagonizado por Sof\u00eda Gala Castiglione, que tiene la particularidad de ser la primera producci\u00f3n de ficci\u00f3n nacional sustentable.<\/p>\n<p>&quot;La pel\u00edcula no baja l\u00ednea, no es un documental ni un panfleto vegano&#8230; Es una pel\u00edcula de suspenso, con escenas reales que, a partir del hilo argumental, <strong>muestra sin tapujos lo que sucede dentro de un matadero, escenas nunca vistas ni mostradas por la industria<\/strong>&quot;, le dice a <strong>Clar\u00edn<\/strong> Colman, el realizador cordob\u00e9s.<\/p>\n<p> &quot;Mi objetivo no es provocar pol\u00e9mica gratuitamente, sino dejar de lado esa imagen seductora del bife servido en un plato y contar y mostrar de d\u00f3nde viene ese plato&quot;, afirma el cineasta, que confiesa estar &quot;en proceso&quot; de convertirse al veganismo.<\/p>\n<p>La pel\u00edcula transcurre en la zona roja de la ciudad de C\u00f3rdoba y hace foco en Reina (Castiglione), que se gana la vida contrabandeando carne robada. Tras un violento asalto del que es v\u00edctima, Reina consigue trabajo en un matadero y<strong> desde los ojos de la protagonista se ver\u00e1 el proceso que padecen los animales hasta encontrar su muerte<\/strong>.<\/p>\n<p> Las escenas son fuertes, repulsivas y muchos espectadores (se vio en el festival Bafici) abandonaron la sala. Ante la controversia, <strong>Clar\u00edn<\/strong> organiz\u00f3 un debate entre un vegano y una persona &quot;omn\u00edvora&quot; que vieron &quot;Reina Animal&quot;.<\/p>\n<p>&quot;Debo reconocer que a m\u00ed <strong>me sorprendi\u00f3 que una actriz (Sof\u00eda Gala Castiglione) participara, fuera testigo y c\u00f3mplice del asesinato de animales<\/strong> en una pel\u00edcula. Me parece un horror&quot;, arranca sin anestesia Diego Perchersky (31), que trabaja en el sector inmobiliario, estudia medicina y practica el veganismo desde hace tres a\u00f1os.<\/p>\n<p> &quot;Para m\u00ed la pel\u00edcula desbarranca en el tramo final, se vuelve insoportablemente gr\u00e1fica y pienso que <strong>no hay una b\u00fasqueda de concientizaci\u00f3n, s\u00f3lo la intentona traicionera de convencer en base al asco y al rechazo<\/strong>&quot;, analiza Fernando Garc\u00eda, escritor y cr\u00edtico especializado en c\u00f3mic.<\/p>\n<p>Pechersky y Garc\u00eda aceptaron la invitaci\u00f3n de este medio para intercambiar ideas y conceptos, que a veces tomaron un tono elevado, sobre el mensaje de la pel\u00edcula pero tambi\u00e9n sobre <strong>la grieta profunda que tiene a la carne<\/strong> y a los alimentos derivados de animales en el centro de la escena.<\/p>\n<p>&quot;Siento que &#039;Reina Animal&#039; me decepcion\u00f3, dej\u00f3 la ficci\u00f3n para convertirse en un documental demasiado expl\u00edcito. M\u00e1s que un manifiesto sobre el veganismo es sobre la crueldad y el maltrato a los animales. Y no me gust\u00f3 que se deje impl\u00edcito que<strong> los que no somos veganos estamos a favor del maltrato animal<\/strong>&quot;, arranca Garc\u00eda.<\/p>\n<p>Pechersky coincide: &quot;Me da la sensaci\u00f3n de que <strong>est\u00e1 todo armado para mostrar las escenas del final que ocurren en el matadero&quot;<\/strong>. Sin embargo, aparece la primera discrepancia: &quot;Mir\u00e1 que el veganismo no se trata de generar rechazo, asco, ni de conocer c\u00f3mo funciona un matadero. Vos parec\u00e9s informado, \u00bfsab\u00e9s lo que es el veganismo?&quot;, Garc\u00eda acepta la interpelaci\u00f3n y responde, pero no deja conforme a su <em>contrincante<\/em>.<\/p>\n<p>Pechersky asume el control del di\u00e1logo. &quot;El veganismo no es s\u00f3lo una decisi\u00f3n alimentaria. sino que tiene que ver con la toma de decisiones que no afecten a un tercero (animal). Hay muchas formas de afectar, quitarle la vida es una&#8230; Pero tambi\u00e9n lo son faltar el respeto, encerrar, esclavizar, torturar y violar. <strong>El veganismo es rechazar cualquier tipo de uso, abuso y explotaci\u00f3n hacia los animales. <\/strong>Y hay mucha confusi\u00f3n al respecto, porque hay gente que se siente vegana por no comer derivados de animales, pero monta caballos, por ejemplo, lo cual transgrede el veganismo&quot;.<\/p>\n<p>M\u00e1s austero en su parlamento, Fernando <strong>es antiespecista<\/strong>, no cree que haya que considerar en <strong>igualdad de condiciones al hombre y al animal<\/strong>, todo lo contrario a Diego, que se apasiona en defender la causa. &quot;Yo como carne, pescado, un sandwich de jam\u00f3n y queso, me gusta la comida variada y me interesar\u00eda que se modificaran los h\u00e1bitos de compra, no de consumo,<strong> si se supiera el origen y el trato que reciben los animales antes de ser faenados.<\/strong> Creo que hay formas y formas y defiendo la muerte no violenta ni tortuosa. Si todos los mataderos funcionan como los que muestra la pel\u00edcula, creo que habr\u00eda que intervenirlos&quot;, opina Garc\u00eda.<\/p>\n<p>Pechersky escucha y compara: &quot;Fernando, vos ten\u00e9s una hija mencionaste&#8230;&quot;, pero es interrumpido. <strong>&quot;No me compares a mi hija con una vaca o con un pescado porque no tienen nada que ver&quot;. &quot;\u00bfC\u00f3mo que no tienen nada que ver?<\/strong>&quot;. &quot;No me vayas a preguntar si yo matar\u00eda a mi hija para com\u00e9rmela, porque obviamente la respuesta es no. Est\u00e1s yendo a un extremo que anula el di\u00e1logo&quot;.<\/p>\n<p>Insiste Pechersky: &quot;\u00bfQu\u00e9 pasar\u00eda, hipot\u00e9ticamente, si ponemos a tu hija en el lugar de ese animal al que vos defend\u00e9s la muerte no violenta, y se le da una pastilla para que se duerma y no sufra?&quot;. Exhala turbado Garc\u00eda: &quot;Est\u00e1s llevando la discusi\u00f3n a un lugar personal, est\u00e1s hablando de la muerte de mi hija&quot;.<\/p>\n<p>La charla se tensiona y el cronista intenta apaciguar. &quot;Yo no comer\u00eda seres humanos&quot;, enfatiza Garc\u00eda. <strong>&quot;\u00bfY por qu\u00e9 cre\u00e9s que los animales tienen menos derecho a vivir que una persona?&quot;<\/strong>, contraataca Pechersky. &quot;Yo no digo eso, lo que digo es que hay animales que son criados para la alimentaci\u00f3n&quot;. &quot;Okey, tambi\u00e9n hay negros que fueron criados para ser esclavos. \u00bfEso justifica que merezcan ser esclavos?&quot;.<\/p>\n<p>Se vuelve a intervenir para poner pa\u00f1os fr\u00edos y los dos levantan el pulgar. <strong>&quot;La comparaci\u00f3n entre personas y animales no es equivalente<\/strong> y repito, me parece que es llevar el debate a un extremismo&quot;, afirma Garc\u00eda. &quot;\u00bfSab\u00edas que para la RAE los animales son personas no humanas?&quot;. &quot;S\u00ed, lo sab\u00eda. \u00bfy?&quot;. El intercambio se vuelve a crispar y deriva a los tiempos en que las mujeres no pod\u00edan votar y llega hasta el holocausto jud\u00edo.<\/p>\n<p>&quot;\u00bfPor qu\u00e9 se le quita el derecho a vivir a un animal y por qu\u00e9 se le otorga a un humano?&quot;, acelera el vegano. &quot;Para m\u00ed el maltrato y la tortura animal est\u00e1n mal. Pero si me dec\u00eds que se cr\u00eda una vaca, un conejo o el animal que fuera como alimento, <strong>creo que est\u00e1 bien porque forma parte de la cadena alimenticia del hombre<\/strong>, por lo menos de la que yo elijo para alimentarme&quot;, esgrime el omn\u00edvoro. <\/p>\n<p>&quot;Sab\u00e9s lo importante que ser\u00eda mostrar el maltrato animal a un chico. Pero la mayor\u00eda de los padres lo rechaza porque temen que despu\u00e9s no quieran comer carnes. <strong>Los chicos nunca elegir\u00edan abusar de un anima<\/strong>l, son los adultos los inducen y los que muestran c\u00f3mo la vaca les da la leche, lo cual es una mentira, porque la vaca no da nada, lo que pasa es que es torturada y separada de sus cr\u00edas&quot;, se embala Pechersky.<\/p>\n<p>El vegano vuelca su locuacidad: &quot;\u00bfPor qu\u00e9 justific\u00e1s que se haga todo eso a un animal que<strong> tiene un sistema nervioso central que puede experimentar el dolor y la angustia de la misma forma que un humano?<\/strong>&quot;. Garc\u00eda se defiende: &quot;Yo no justifico ese sometimiento. Eso no quiere decir que entienda que est\u00e9 mal tomar un vaso de leche. \u00bfPor qu\u00e9? Porque proporciona nutrientes esenciales, porque hace bien, porque es prote\u00edna, porque es rica&quot;. Pechersky discrepa y apunta a los beneficios de una alimentaci\u00f3n a base de plantas. &quot;Bien planificada es m\u00e1s saludable que la leche, que tiene antibi\u00f3ticos y un ph \u00e1cido que genera osteoporosis&quot;.<\/p>\n<p>Pechersky realiza activismo callejero unas nueve horas semanales y sin pudor dice &quot;estar capacitado para esta discusi\u00f3n, que<strong> para m\u00ed es f\u00e1cil ganarla porque tengo la realidad, tengo la verdad de mi lado<\/strong>&quot;. Lo interrumpe Garc\u00eda. &quot;Yo no estoy diciendo que vos no tengas raz\u00f3n o parte de la verdad, peros\u00ed estoy seguro que no ten\u00e9s la verdad, como tampoco la tengo yo. Hay decisiones y elecciones y me parece perfecto el veganismo como modo de vida, pero lo que advierto en tu manejo discursivo <strong>es un intento de generaci\u00f3n de culpa en m\u00ed.<\/strong> Es lo que yo recibo, no s\u00e9 si es tu intenci\u00f3n&quot;, expresa con cierto malestar. &quot;No voy a dejar de consumir los alimentos que como, y <strong>no por esto me voy a sentir un asesino, un torturador o un secuestrador de terneros <\/strong>porque como carne. Me parece que hay un extremismo en tu argumentaci\u00f3n verbal de la defensa de tu postura, que anula tus argumentos&quot;.<\/p>\n<p>M\u00e1s all\u00e1 de las idas y vueltas altisonantes, Diego y Fernando mantienen el respeto hacia el otro. Se escuchan y contragolpean. Pechersky habla de los sentimientos de los animales, de un miedo innato que transmiten, quiz\u00e1s  potenciado por la amenaza del ser humano. &quot;El miedo es porque el animal rechaza el acercamiento de la persona que quiere violentarlos.<strong> Yo en mi casa tengo ocho ratas rescatadas<\/strong>, que no sufrieron ning\u00fan situaci\u00f3n l\u00edmite, pero me tienen un <em>cagazo<\/em> b\u00e1rbaro. Las tengo en un jaul\u00f3n y trato de transmitirles confianza para que se me puedan acercar.y as\u00ed soltarlas y que est\u00e9n libres en la casa&quot;.<\/p>\n<p>El activista sostiene que en la sociedad hay desconocimiento sobre el veganismo y que &quot;hay muchas personas que no son veganas pero <strong>dudo que tengan mala intenci\u00f3n, pero s\u00ed hacen cosas horribles, como las hice yo hace unos a\u00f1os<\/strong>. Yo actu\u00e9 mal, hice cosas espantosas y fui c\u00f3mplice de asesinato y de violaci\u00f3n a animales, y estoy convencido que tiene el mismo peso que si lo hubiera hecho con humanos&#8230; Yo no ten\u00eda mala intenci\u00f3n, pero fui culpable. \u00bfO acaso vos no ser\u00edas c\u00f3mplice de robo si compr\u00e1s un celular que sab\u00e9s que fue robado?&quot;.<\/p>\n<p><em>PS<\/em><\/p>\n","protected":false},"excerpt":{"rendered":"<p>Grieta por el consumo de animales: una pel\u00edcula abre un fuerte debate entre veganos y carn\u00edvorosEl estreno en la cartelera comercial de la pel\u00edcula &#8220;Reina Animal&#8221;, considerado un thriller vegano seg\u00fan su director Moroco Colman, y el reciente D\u00eda Mundial del Veganismo -este mi\u00e9rcoles-, volvieron a poner el debate sobre la mesa. El maltrato, la matanza e industrializaci\u00f3n de los animales que consume el ser humano se exponen de manera expl\u00edcita en este film, protagonizado por Sof\u00eda Gala Castiglione, que tiene la particularidad de ser la primera producci\u00f3n de ficci\u00f3n nacional sustentable.<br \/>\n&#8220;La pel\u00edcula no baja l\u00ednea, no es un documental ni un panfleto vegano&#8230; Es una pel\u00edcula de suspenso, con escenas reales que, a partir del hilo argumental, muestra sin tapujos lo que sucede dentro de un matadero, escenas nunca vistas ni mostradas por la industria&#8221;, le dice a Clar\u00edn Colman, el realizador cordob\u00e9s.<br \/>\n &#8220;Mi objetivo no es provocar pol\u00e9mica gratuitamente, sino dejar de lado esa imagen seductora ..<\/p>\n","protected":false},"author":2,"featured_media":10242,"comment_status":"","ping_status":"","sticky":false,"template":"","format":"standard","meta":{"footnotes":""},"categories":[9],"tags":[],"_links":{"self":[{"href":"https:\/\/maxradio923.com.ar\/index.php\/wp-json\/wp\/v2\/posts\/10241"}],"collection":[{"href":"https:\/\/maxradio923.com.ar\/index.php\/wp-json\/wp\/v2\/posts"}],"about":[{"href":"https:\/\/maxradio923.com.ar\/index.php\/wp-json\/wp\/v2\/types\/post"}],"author":[{"embeddable":true,"href":"https:\/\/maxradio923.com.ar\/index.php\/wp-json\/wp\/v2\/users\/2"}],"replies":[{"embeddable":true,"href":"https:\/\/maxradio923.com.ar\/index.php\/wp-json\/wp\/v2\/comments?post=10241"}],"version-history":[{"count":0,"href":"https:\/\/maxradio923.com.ar\/index.php\/wp-json\/wp\/v2\/posts\/10241\/revisions"}],"wp:featuredmedia":[{"embeddable":true,"href":"https:\/\/maxradio923.com.ar\/index.php\/wp-json\/wp\/v2\/media\/10242"}],"wp:attachment":[{"href":"https:\/\/maxradio923.com.ar\/index.php\/wp-json\/wp\/v2\/media?parent=10241"}],"wp:term":[{"taxonomy":"category","embeddable":true,"href":"https:\/\/maxradio923.com.ar\/index.php\/wp-json\/wp\/v2\/categories?post=10241"},{"taxonomy":"post_tag","embeddable":true,"href":"https:\/\/maxradio923.com.ar\/index.php\/wp-json\/wp\/v2\/tags?post=10241"}],"curies":[{"name":"wp","href":"https:\/\/api.w.org\/{rel}","templated":true}]}}