{"id":10239,"date":"2023-11-02T05:44:52","date_gmt":"2023-11-02T08:44:52","guid":{"rendered":"https:\/\/maxradio923.com\/index.php\/2023\/11\/02\/el-partido-socialista-anuncio-su-apoyo-a-massa-para-el-balotaje-y-califica-de-autoritaria-la-propuesta-de-milei\/"},"modified":"2023-11-02T05:44:52","modified_gmt":"2023-11-02T08:44:52","slug":"el-partido-socialista-anuncio-su-apoyo-a-massa-para-el-balotaje-y-califica-de-autoritaria-la-propuesta-de-milei","status":"publish","type":"post","link":"https:\/\/maxradio923.com.ar\/index.php\/2023\/11\/02\/el-partido-socialista-anuncio-su-apoyo-a-massa-para-el-balotaje-y-califica-de-autoritaria-la-propuesta-de-milei\/","title":{"rendered":"El\u00a0 Partido Socialista anunci\u00f3 su apoyo a Massa para el balotaje y califica de &#8220;autoritaria&#8221; la propuesta de Milei"},"content":{"rendered":"<p>El  Partido Socialista anunci\u00f3 su apoyo a Massa para el balotaje y califica de &quot;autoritaria&quot; la propuesta de Milei<\/p>\n<p>El <strong>Partido Socialista <\/strong>anunci\u00f3 este mi\u00e9rcoles su apoyo al candidato de Uni\u00f3n por la Patria, <strong>Sergio Massa<\/strong>, para el balotaje del pr\u00f3ximo 19 de noviembre y carg\u00f3 contra el libertario <strong>Javier Milei<\/strong> al apuntar que encabeza &quot;<strong>una propuesta autoritaria&quot;.<\/strong><\/p>\n<p>A trav\u00e9s de un comunicado de prensa, el Partido Socialista plante\u00f3 que &quot;ante la gravedad de este momento&quot; consideran que la prescindencia &quot;no es una alternativa aceptable&quot;. <\/p>\n<p>&quot;Para las y los socialistas los principios y valores democr\u00e1ticos deben anteponerse ante todo. Y es por ello que creemos que es momento de invitar a cada argentina y argentino a que, a\u00fan con profundas diferencias con el gobierno actual, asumamos la responsabilidad de evitar un profundo retroceso para nuestra democracia&quot;, fundamentaron en su mensaje.<\/p>\n<p>Para los socialistas, el resultado de la elecci\u00f3n del 22 de octubre expres\u00f3 la necesidad de realizar &quot;cambios profundos en la administraci\u00f3n del pa\u00eds&quot;. <\/p>\n<p>&quot;La sociedad argentina le dijo basta a la inflaci\u00f3n y la inseguridad, al deterioro de la educaci\u00f3n y la salud, a la falta de transparencia en el manejo de lo p\u00fablico, a la discrecionalidad en la distribuci\u00f3n de los recursos y el abandono de las autoridades nacionales hacia las provincias&quot;, precisaron en el documento difundido este mi\u00e9rcoles en una clara cr\u00edtica al gobierno de Alberto Fern\u00e1ndez y que tiene a Massa como ministro de Econom\u00eda.<\/p>\n<p>Sin embargo, indicaron que &quot;ninguno de esos flagelos&quot; podr\u00e1n ser superados por quienes &quot;proponen la intolerancia&quot; y en este punto recordaron el momento que el libertario atac\u00f3 al socialismo denomin\u00e1ndolo &quot;<strong>excremento<\/strong>&quot;.<\/p>\n<p>Tambi\u00e9n cuestionaron que desde La Libertad Avanza &quot;niegan el rol del Estado en la educaci\u00f3n y la salud, en el desarrollo de la ciencia, en el acompa\u00f1amiento de la producci\u00f3n y el trabajo&quot;. A todo esto se suma la negaci\u00f3n del libertario sobre &quot;el desaf\u00edo urgente del cambio clim\u00e1tico, la violencia machista y los derechos de las disidencias y colectivos vulnerados&quot;.<\/p>\n<p>En este sentido, los socialistas tambi\u00e9n cargaron contra Milei porque &quot;detr\u00e1s de la palabra libertad expresan un modelo de sociedad profundamente autoritario y excluyente&quot;. <\/p>\n<p><img decoding=\"async\" alt=\"M\u00f3nica Fein, diputada nacional, confirm\u00f3 su apoyo a Massa.\" src=\"https:\/\/www.clarin.com\/img\/2018\/03\/13\/S1avIeLFz_720x0__1.jpg\"\/>M\u00f3nica Fein, diputada nacional, confirm\u00f3 su apoyo a Massa.<\/p>\n<p>Adem\u00e1s, cuestionaron la figura de su compa\u00f1era de f\u00f3rmula la diputada Victoria Villarruel porque &quot;valida la \u00faltima dictadura c\u00edvico-militar y relativiza el terrorismo de Estado&quot;.<\/p>\n<p>En el mensaje, los socialistas explicaron que mantienen sus cr\u00edticas &quot;por la falta de federalismo, por la discriminaci\u00f3n de los ciudadanos y ciudadanas del interior de nuestro pa\u00eds, por la desatenci\u00f3n y el deterioro del sistema productivo y de las econom\u00edas regionales&quot;.<\/p>\n<p>Sin embargo, aclararon que &quot;frente al riesgo mayor que supone para la democracia la posibilidad de que Javier Milei llegue al gobierno, el Partido Socialista expresa su rechazo al proyecto de La Libertad Avanza&quot;.<\/p>\n<p>Finalmente, el socialismo, que en el Congreso est\u00e1 <strong>representado por los diputados de Santa Fe M\u00f3nica Fein y Enrique Est\u00e9vez,<\/strong> confirm\u00f3 que &quot;dadas las condiciones de la contienda electoral, apoya la candidatura de Sergio Massa&quot;.<\/p>\n","protected":false},"excerpt":{"rendered":"<p>El Partido Socialista anunci\u00f3 su apoyo a Massa para el balotaje y califica de &#8220;autoritaria&#8221; la propuesta de MileiEl Partido Socialista anunci\u00f3 este mi\u00e9rcoles su apoyo al candidato de Uni\u00f3n por la Patria, Sergio Massa, para el balotaje del pr\u00f3ximo 19 de noviembre y carg\u00f3 contra el libertario Javier Milei al apuntar que encabeza &#8220;una propuesta autoritaria&#8221;.<br \/>\nA trav\u00e9s de un comunicado de prensa, el Partido Socialista plante\u00f3 que &#8220;ante la gravedad de este momento&#8221; consideran que la prescindencia &#8220;no es una alternativa aceptable&#8221;.<br \/>\n&#8220;Para las y los socialistas los principios y valores democr\u00e1ticos deben anteponerse ante todo. Y es por ello que creemos que es momento de invitar a cada argentina y argentino a que, a\u00fan con profundas diferencias con el gobierno actual, asumamos la responsabilidad de evitar un profundo retroceso para nuestra democracia&#8221;, fundamentaron en su mensaje.<br \/>\nPara los socialistas, el resultado de la elecci\u00f3n del 22 de octubre expres\u00f3 la necesidad de realizar &#8220;cambios profun..<\/p>\n","protected":false},"author":2,"featured_media":10240,"comment_status":"","ping_status":"","sticky":false,"template":"","format":"standard","meta":{"footnotes":""},"categories":[7],"tags":[],"_links":{"self":[{"href":"https:\/\/maxradio923.com.ar\/index.php\/wp-json\/wp\/v2\/posts\/10239"}],"collection":[{"href":"https:\/\/maxradio923.com.ar\/index.php\/wp-json\/wp\/v2\/posts"}],"about":[{"href":"https:\/\/maxradio923.com.ar\/index.php\/wp-json\/wp\/v2\/types\/post"}],"author":[{"embeddable":true,"href":"https:\/\/maxradio923.com.ar\/index.php\/wp-json\/wp\/v2\/users\/2"}],"replies":[{"embeddable":true,"href":"https:\/\/maxradio923.com.ar\/index.php\/wp-json\/wp\/v2\/comments?post=10239"}],"version-history":[{"count":0,"href":"https:\/\/maxradio923.com.ar\/index.php\/wp-json\/wp\/v2\/posts\/10239\/revisions"}],"wp:featuredmedia":[{"embeddable":true,"href":"https:\/\/maxradio923.com.ar\/index.php\/wp-json\/wp\/v2\/media\/10240"}],"wp:attachment":[{"href":"https:\/\/maxradio923.com.ar\/index.php\/wp-json\/wp\/v2\/media?parent=10239"}],"wp:term":[{"taxonomy":"category","embeddable":true,"href":"https:\/\/maxradio923.com.ar\/index.php\/wp-json\/wp\/v2\/categories?post=10239"},{"taxonomy":"post_tag","embeddable":true,"href":"https:\/\/maxradio923.com.ar\/index.php\/wp-json\/wp\/v2\/tags?post=10239"}],"curies":[{"name":"wp","href":"https:\/\/api.w.org\/{rel}","templated":true}]}}