{"id":10237,"date":"2023-11-02T05:44:51","date_gmt":"2023-11-02T08:44:51","guid":{"rendered":"https:\/\/maxradio923.com\/index.php\/2023\/11\/02\/pacto-con-iran-dos-jueces-sorteados-para-juzgar-a-cristina-kirchner-se-excusaron-por-falta-de-tiempo-para-ocuparse-del-caso\/"},"modified":"2023-11-02T05:44:51","modified_gmt":"2023-11-02T08:44:51","slug":"pacto-con-iran-dos-jueces-sorteados-para-juzgar-a-cristina-kirchner-se-excusaron-por-falta-de-tiempo-para-ocuparse-del-caso","status":"publish","type":"post","link":"https:\/\/maxradio923.com.ar\/index.php\/2023\/11\/02\/pacto-con-iran-dos-jueces-sorteados-para-juzgar-a-cristina-kirchner-se-excusaron-por-falta-de-tiempo-para-ocuparse-del-caso\/","title":{"rendered":"Pacto con Ir\u00e1n: dos jueces sorteados para juzgar a Cristina Kirchner se excusaron por falta de tiempo para ocuparse del caso"},"content":{"rendered":"<p>Pacto con Ir\u00e1n: dos jueces sorteados para juzgar a Cristina Kirchner se excusaron por falta de tiempo para ocuparse del caso<\/p>\n<p>Dos jueces sorteados para juzgar a la vicepresidenta <strong>Cristina Kirchner<\/strong> en la causa que investiga el<strong> pacto con Ir\u00e1n<\/strong> se excusaron de llevar adelante el juicio oral argumentando que<strong> no tienen tiempo<\/strong> para abordar el caso porque son suplentes en otros tribunales.<\/p>\n<p>Se trata de los magistrados <strong>Rodr\u00edgo Gim\u00e9nez Uriburu y Andr\u00e9s Basso,<\/strong> quienes elevaron sus excusaciones al amparo del art\u00edculo 7 del r\u00e9gimen de subrogancias previsto para estos casos.<\/p>\n<p>Los jueces dijeron que ya son suplentes en otros tribunales orales con juicios extensos y complicados y que carecen de tiempo para hacerse cargo de la causa contra Cristina.<\/p>\n<p>Hace tiempo es conocida la situaci\u00f3n de &quot;colapso&quot; de la Justicia, debido a la gran cantidad de vacantes sin ocupar y las subrogancias que deben llevar adelante los jueces titulares.<\/p>\n<p>El siguiente paso ser\u00e1 que <strong>el Tribunal de Superintendencia de la C\u00e1mara Federal de Casaci\u00f3n Penal decida si hace lugar o no<\/strong> al pedido de los magistrados para apartarse y se genera un nuevo sorteo, o si se define que sigan adelante con el juicio oral contra la vicepresidenta.<\/p>\n<p>Cuando se conocieron los nombres de Basso y Gim\u00e9nez Uriburu para intervenir en la reabierta causa del pacto con Ir\u00e1n, enseguida se record\u00f3 que se trataba de dos de los magistrados que integraron el tribunal que hab\u00eda condenado a Cristina Kirchner a seis a\u00f1os de prisi\u00f3n en el caso Vialidad.<\/p>\n<p>A la hora de argumentar la decisi\u00f3n tomada, el juez Andr\u00e9s Basso expuso la delicada situaci\u00f3n que atraviesan los Tribunales Orales: la mitad de ellos se encuentran vacantes, sin los magistrados titulares.<\/p>\n<p>Ante esa falta de nombramientos, los jueces actuales subrogan m\u00e1s de un Tribunal con una importante cantidad de juicios a desarrollar.<\/p>\n<p>&quot;Le solicito se me excuse de integrar dicha judicatura en atenci\u00f3n a la existencia de motivos que importan un grave perjuicio al normal desarrollo de la actividad judicial de los tres Tribunales en los que me desempe\u00f1o en la actualidad&quot;, indic\u00f3 el juez Basso, que adem\u00e1s acaba de ser elegido como presidente de la Asociaci\u00f3n de Magistrados.<\/p>\n<p>Asimismo record\u00f3 que como integrante del Tribunal Oral Federal 2 que conden\u00f3 a Cristina Kirchner en el caso Vialidad, d<strong>eber\u00e1n realizar el juicio del segundo tramo de ese mismo expediente.<\/strong><\/p>\n<p>En el escrito, al que accedi\u00f3 <strong>Clar\u00edn<\/strong>, similares argumentos volc\u00f3 el juez Rodrigo Gim\u00e9nez Uriburu. Plante\u00f3 su excusaci\u00f3n bajo la cobertura de que ya ejerce funciones en m\u00e1s de un Tribunal. Uno de ellos lo requiere en un debate oral que se lleva adelante en Mar del Plata, &quot;por el que debo viajar semanalmente a esa ciudad en virtud de ser el magistrado que preside el debate y en atenci\u00f3n a que en dichos autos<strong> el tribunal oral lo integro junto con jueces subrogantes de jurisdicciones ajenas<\/strong>&quot;, se\u00f1al\u00f3.<\/p>\n<p>Mientras estaba vigente el plazo para que los jueces resuelvan si aceptaban la subrogancia, Cristina Kirchner recus\u00f3 a los tres integrantes del Tribunal que debe realizar el juicio ennel caso conocido como Pacto con Ir\u00e1n, en el que est\u00e1 procesada por <strong>encubrimiento agravado del atentado de la AMIA.<\/strong><\/p>\n<p>Ante el planteo de los jueces, y si finalmente es aceptado, ser\u00e1 el presidente de la C\u00e1mara de Casaci\u00f3n &#8211;<strong>Mariano Borinsky<\/strong>&#8211; quien realizar\u00e1 un nuevo sorteo para constituir un nuevo tribunal de juicio.<\/p>\n<p>A la fecha hay <strong>un 27% de cargos vacantes en todo el pa\u00eds<\/strong>. La presidencia del m\u00e1ximo tribunal penal realiza diez integraciones por d\u00eda en los 77 TOF de todo el pa\u00eds, producto de la falta de concursos y nombramientos.<\/p>\n<p>Hay que recordar que para designar a un juez intervienen el Consejo de la Magistratura, el Senado y el Presidente de la Naci\u00f3n. En los \u00faltimos a\u00f1os no se logr\u00f3 cubrir la totalidad de cargos necesarios para &quot;garantizar un correcto desarrollo del servicio de justicia&quot;, se\u00f1al\u00f3 a <strong>Clar\u00edn<\/strong> una fuente judicial.<\/p>\n<p><\/p>\n","protected":false},"excerpt":{"rendered":"<p>Pacto con Ir\u00e1n: dos jueces sorteados para juzgar a Cristina Kirchner se excusaron por falta de tiempo para ocuparse del casoDos jueces sorteados para juzgar a la vicepresidenta Cristina Kirchner en la causa que investiga el pacto con Ir\u00e1n se excusaron de llevar adelante el juicio oral argumentando que no tienen tiempo para abordar el caso porque son suplentes en otros tribunales.<br \/>\nSe trata de los magistrados Rodr\u00edgo Gim\u00e9nez Uriburu y Andr\u00e9s Basso, quienes elevaron sus excusaciones al amparo del art\u00edculo 7 del r\u00e9gimen de subrogancias previsto para estos casos.<br \/>\nLos jueces dijeron que ya son suplentes en otros tribunales orales con juicios extensos y complicados y que carecen de tiempo para hacerse cargo de la causa contra Cristina.<br \/>\nHace tiempo es conocida la situaci\u00f3n de &#8220;colapso&#8221; de la Justicia, debido a la gran cantidad de vacantes sin ocupar y las subrogancias que deben llevar adelante los jueces titulares.<br \/>\nEl siguiente paso ser\u00e1 que el Tribunal de Superintendencia de la C\u00e1mara Federal..<\/p>\n","protected":false},"author":2,"featured_media":10238,"comment_status":"","ping_status":"","sticky":false,"template":"","format":"standard","meta":{"footnotes":""},"categories":[7],"tags":[],"_links":{"self":[{"href":"https:\/\/maxradio923.com.ar\/index.php\/wp-json\/wp\/v2\/posts\/10237"}],"collection":[{"href":"https:\/\/maxradio923.com.ar\/index.php\/wp-json\/wp\/v2\/posts"}],"about":[{"href":"https:\/\/maxradio923.com.ar\/index.php\/wp-json\/wp\/v2\/types\/post"}],"author":[{"embeddable":true,"href":"https:\/\/maxradio923.com.ar\/index.php\/wp-json\/wp\/v2\/users\/2"}],"replies":[{"embeddable":true,"href":"https:\/\/maxradio923.com.ar\/index.php\/wp-json\/wp\/v2\/comments?post=10237"}],"version-history":[{"count":0,"href":"https:\/\/maxradio923.com.ar\/index.php\/wp-json\/wp\/v2\/posts\/10237\/revisions"}],"wp:featuredmedia":[{"embeddable":true,"href":"https:\/\/maxradio923.com.ar\/index.php\/wp-json\/wp\/v2\/media\/10238"}],"wp:attachment":[{"href":"https:\/\/maxradio923.com.ar\/index.php\/wp-json\/wp\/v2\/media?parent=10237"}],"wp:term":[{"taxonomy":"category","embeddable":true,"href":"https:\/\/maxradio923.com.ar\/index.php\/wp-json\/wp\/v2\/categories?post=10237"},{"taxonomy":"post_tag","embeddable":true,"href":"https:\/\/maxradio923.com.ar\/index.php\/wp-json\/wp\/v2\/tags?post=10237"}],"curies":[{"name":"wp","href":"https:\/\/api.w.org\/{rel}","templated":true}]}}