{"id":10229,"date":"2023-11-02T03:34:04","date_gmt":"2023-11-02T06:34:04","guid":{"rendered":"https:\/\/maxradio923.com\/index.php\/2023\/11\/02\/kicillof-rearma-su-gabinete-y-le-apunta-de-lleno-a-la-dupla-maximo-insaurralde\/"},"modified":"2023-11-02T03:34:04","modified_gmt":"2023-11-02T06:34:04","slug":"kicillof-rearma-su-gabinete-y-le-apunta-de-lleno-a-la-dupla-maximo-insaurralde","status":"publish","type":"post","link":"https:\/\/maxradio923.com.ar\/index.php\/2023\/11\/02\/kicillof-rearma-su-gabinete-y-le-apunta-de-lleno-a-la-dupla-maximo-insaurralde\/","title":{"rendered":"Kicillof rearma su gabinete y le apunta de lleno a la dupla M\u00e1ximo-Insaurralde"},"content":{"rendered":"<p>Kicillof rearma su gabinete y le apunta de lleno a la dupla M\u00e1ximo-Insaurralde<\/p>\n<p>Axel Kicillof ya planifica la reestructuraci\u00f3n del gabinete para su segundo per\u00edodo al frente de la gobernaci\u00f3n bonaerense, con la intenci\u00f3n de cambiar <strong>&quot;el equilibrio de fuerzas&quot;<\/strong> que produjo esa suerte de &quot;intervenci\u00f3n&quot; de M\u00e1ximo Kirchner, que en octubre del 2021 deposit\u00f3 al malogrado Mart\u00edn Insaurralde en la jefatura de gabinete provincial. <\/p>\n<p>Si bien en La Plata anticipan que intentar\u00e1n restringir el entramado de poder que supo montar el inquilino del yate &quot;Bandido&quot;, surge el interrogante de hasta d\u00f3nde el mandatario bonaerense podr\u00e1 <strong>avanzar en su puja con M\u00e1ximo<\/strong>, el principal socio pol\u00edtico del licenciado intendente de Lomas de Zamora.<\/p>\n<p>El gobernador bonaerense viene de lograr la reelecci\u00f3n con el 45% de los votos y busca capitalizar ese respaldo popular con el dise\u00f1o de un equipo de gobierno sin el tamiz que le hab\u00eda impuesto el acuerdo pol\u00edtico entre Insaurralde y M\u00e1ximo cuando arreciaban los cruces internos por la derrota electoral en aquellas legislativas de hace dos a\u00f1os. <\/p>\n<p>En su entorno ahora aseguran que para el rearmado pol\u00edtico que se viene habr\u00e1 que &quot;barajar y dar de nuevo&quot; lo que, necesariamente, <strong>cambiar\u00e1 la correlaci\u00f3n de fuerzas existente<\/strong>.<\/p>\n<p>Tras haberse diferenciado tanto como pudo del licenciado intendente lomense, por ejemplo con la estridente foto que comparti\u00f3 junto a su familia desde la Isla Mart\u00edn Garc\u00eda, el mandatario provincial ya adelant\u00f3 que desde el 10 de diciembre pr\u00f3ximo la jefatura de gabinete dejar\u00e1 de existir y que algunas \u00e1reas se reubicar\u00e1n en otras dependencias. <\/p>\n<p>Es clara la intenci\u00f3n de quitar toda huella de Insaurralde del organigrama oficial: en este sentido, <strong>es n\u00famero puesto la salida de Omar Galdurralde<\/strong> de la presidencia de Loter\u00edas y Casinos de la Provincia.<\/p>\n<p>Este funcionario controla un \u00e1rea sensible para su jefe pol\u00edtico, que durante a\u00f1os supo cultivar relaciones con los jerarcas del juego afincados en la Provincia. Distinto es el caso de Juan <strong>Pablo Peredo<\/strong>, otro delf\u00edn del lomense, que tiene un cargo vitalicio en el Tribunal de Cuentas provincial y s\u00f3lo podr\u00eda ser desplazado en caso de que avence un juicio pol\u00edtico en su contra en la Legislatura.<\/p>\n<p>Pese a todo, el lomense continuar\u00e1 manteniendo a dos alfiles importantes en el parlamento bonaerense: el diputado<strong> Juan Pablo de Jes\u00fas<\/strong>, investigado en una causa judicial devenida del denominado &quot;yategate&quot;, y el senador Adri\u00e1n Santarelli, este \u00faltimo con fluidos contactos con la Defensor\u00eda del Pueblo provincial. <\/p>\n<p>Ambos dirigentes reeligieron sus bancas el pasado 22 de octubre; el primero desde la lista de UP de la quinta secci\u00f3n, mientas que el segundo ingres\u00f3 por la decisiva tercera secci\u00f3n.<\/p>\n<p>En el gobierno bonaerense insisten en que buscar\u00e1n menguar el armado pol\u00edtico del ex jefe de gabinete bonaerense y consideran que el esc\u00e1ndalo que lo tuvo como blanco en las \u00faltimas semanas no hizo otra cosa que diluir su poder.<\/p>\n<h2>El avance de la &quot;mesa de Ensenada&quot;<\/h2>\n<p>Pensando en el futuro rearmado, Kicillof mantiene activa una &quot;<strong>mesa pol\u00edtica<\/strong>&quot; con dos intendentes que no dudaron en rivalizar con La C\u00e1mpora, como <strong>Mario Secco (Ensenada) y Jorge Ferraresi (Avellaneda)<\/strong>; este \u00faltimo cobij\u00f3 en su distrito el cierre bonaerense de UP. A ese grupo se suelen sumar Andr\u00e9s &quot;Cuervo&quot; Larroque, la ministra de gobierno provincial Cristina Alvarez Rodr\u00edguez y el ministro Gabriel Katopodis. El objetivo ser\u00eda &quot;fortalecer&quot; el armado pol\u00edtico del gobernador en 2024.<\/p>\n<p>Con todo, no son pocos los dirigentes bonaerenses que se preguntan hasta donde llegar\u00e1 la<strong> puja del reelecto gobernador con el titular del PJ provincial<\/strong>. En su momento el jefe camporista pudo acceder a la presidencia del partido por su acuerdo con el grupo de intendentes que comandaba Insaurralde. <\/p>\n<p>Si bien la Vicepresidenta respalda a un gobernador que fue recientemente revalidado por las urnas, en privado le levanta el precio a su hijo. &quot;Es el mejor de ustedes&quot;, en referencia a la militancia congregada entre las diferentes agrupaciones K.<\/p>\n<p>Cerca del mandatario provincial, no obstante, sostienen que el esquema de poder proyectado busca reorganizar la gesti\u00f3n pero no delinear una nueva l\u00ednea pol\u00edtica. &quot;Siempre estar\u00e1 bajo la construcci\u00f3n de Cristina&quot;, fundamentan. Claro, la rivalidad con M\u00e1ximo genera dudas acerca de c\u00f3mo ser\u00e1 la futura convivencia en una provincia en la que La C\u00e1mpora ha logrado sumar 12 intendencias.<\/p>\n","protected":false},"excerpt":{"rendered":"<p>Kicillof rearma su gabinete y le apunta de lleno a la dupla M\u00e1ximo-InsaurraldeAxel Kicillof ya planifica la reestructuraci\u00f3n del gabinete para su segundo per\u00edodo al frente de la gobernaci\u00f3n bonaerense, con la intenci\u00f3n de cambiar &#8220;el equilibrio de fuerzas&#8221; que produjo esa suerte de &#8220;intervenci\u00f3n&#8221; de M\u00e1ximo Kirchner, que en octubre del 2021 deposit\u00f3 al malogrado Mart\u00edn Insaurralde en la jefatura de gabinete provincial.<br \/>\nSi bien en La Plata anticipan que intentar\u00e1n restringir el entramado de poder que supo montar el inquilino del yate &#8220;Bandido&#8221;, surge el interrogante de hasta d\u00f3nde el mandatario bonaerense podr\u00e1 avanzar en su puja con M\u00e1ximo, el principal socio pol\u00edtico del licenciado intendente de Lomas de Zamora.<br \/>\nEl gobernador bonaerense viene de lograr la reelecci\u00f3n con el 45% de los votos y busca capitalizar ese respaldo popular con el dise\u00f1o de un equipo de gobierno sin el tamiz que le hab\u00eda impuesto el acuerdo pol\u00edtico entre Insaurralde y M\u00e1ximo cuando arreciaban los cruces interno..<\/p>\n","protected":false},"author":2,"featured_media":10230,"comment_status":"","ping_status":"","sticky":false,"template":"","format":"standard","meta":{"footnotes":""},"categories":[7],"tags":[],"_links":{"self":[{"href":"https:\/\/maxradio923.com.ar\/index.php\/wp-json\/wp\/v2\/posts\/10229"}],"collection":[{"href":"https:\/\/maxradio923.com.ar\/index.php\/wp-json\/wp\/v2\/posts"}],"about":[{"href":"https:\/\/maxradio923.com.ar\/index.php\/wp-json\/wp\/v2\/types\/post"}],"author":[{"embeddable":true,"href":"https:\/\/maxradio923.com.ar\/index.php\/wp-json\/wp\/v2\/users\/2"}],"replies":[{"embeddable":true,"href":"https:\/\/maxradio923.com.ar\/index.php\/wp-json\/wp\/v2\/comments?post=10229"}],"version-history":[{"count":0,"href":"https:\/\/maxradio923.com.ar\/index.php\/wp-json\/wp\/v2\/posts\/10229\/revisions"}],"wp:featuredmedia":[{"embeddable":true,"href":"https:\/\/maxradio923.com.ar\/index.php\/wp-json\/wp\/v2\/media\/10230"}],"wp:attachment":[{"href":"https:\/\/maxradio923.com.ar\/index.php\/wp-json\/wp\/v2\/media?parent=10229"}],"wp:term":[{"taxonomy":"category","embeddable":true,"href":"https:\/\/maxradio923.com.ar\/index.php\/wp-json\/wp\/v2\/categories?post=10229"},{"taxonomy":"post_tag","embeddable":true,"href":"https:\/\/maxradio923.com.ar\/index.php\/wp-json\/wp\/v2\/tags?post=10229"}],"curies":[{"name":"wp","href":"https:\/\/api.w.org\/{rel}","templated":true}]}}