{"id":10227,"date":"2023-11-02T03:34:04","date_gmt":"2023-11-02T06:34:04","guid":{"rendered":"https:\/\/maxradio923.com\/index.php\/2023\/11\/02\/la-motosierra-de-javier-milei-tambien-llego-a-la-television-de-paises-bajos-argentina-esta-al-borde-del-abismo-y-la-gente-quizas-elija-a-un-loco-total\/"},"modified":"2023-11-02T03:34:04","modified_gmt":"2023-11-02T06:34:04","slug":"la-motosierra-de-javier-milei-tambien-llego-a-la-television-de-paises-bajos-argentina-esta-al-borde-del-abismo-y-la-gente-quizas-elija-a-un-loco-total","status":"publish","type":"post","link":"https:\/\/maxradio923.com.ar\/index.php\/2023\/11\/02\/la-motosierra-de-javier-milei-tambien-llego-a-la-television-de-paises-bajos-argentina-esta-al-borde-del-abismo-y-la-gente-quizas-elija-a-un-loco-total\/","title":{"rendered":"La motosierra de Javier Milei tambi\u00e9n lleg\u00f3 a la televisi\u00f3n de Pa\u00edses Bajos: &#8220;Argentina est\u00e1 al borde del abismo y la gente quiz\u00e1s elija a un loco total&#8221;"},"content":{"rendered":"<p>La motosierra de Javier Milei tambi\u00e9n lleg\u00f3 a la televisi\u00f3n de Pa\u00edses Bajos: &quot;Argentina est\u00e1 al borde del abismo y la gente quiz\u00e1s elija a un loco total&quot; <\/p>\n<p><strong>Javier Milei<\/strong> y su met\u00e1fora de la <strong>motosierra<\/strong>, que incluso se materializ\u00f3 en uno de sus actos de campa\u00f1a, trascendi\u00f3 las fronteras de la Argentina y lleg\u00f3 a programas televisivos de todo el mundo. Luego de que un filoso comediante pol\u00edtico de la TV de Estados Unidos fulminara al candidato de La Libertad Avanza, ahora fue un conductor de Pa\u00edses Bajos quien critic\u00f3 y ridiculiz\u00f3 al economista, a quien mencion\u00f3, incluso, como &quot;este loco&quot;.<\/p>\n<p>Arjen Lubach, en su programa <em>Avondshow<\/em>, analiz\u00f3 las elecciones presidenciales argentinas. &quot;<strong>\u00bfPor qu\u00e9 est\u00e1n tan entusiasmados con este hombre lobo con una motosierra?<\/strong>&quot;, pregunt\u00f3 antes de hablar del contexto del pa\u00eds. <\/p>\n<p>En ese sentido, habl\u00f3 de que &quot;la econom\u00eda ha estado mal durante a\u00f1os&quot;, mencion\u00f3 la &quot;inflaci\u00f3n del 100 por ciento&quot;, dijo que &quot;casi nadie quiere prestarle dinero a la Argentina&quot; y que por eso &quot;acuden al Fondo Monetario Internacional&quot;.<\/p>\n<p>Acto seguido, pas\u00f3 a los candidatos del balotaje. &quot;Tenemos a <strong>Sergio Massa<\/strong>, que es de centro izquierda y el <strong>actual ministro de Econom\u00eda. S\u00ed, esa econom\u00eda que no va muy bien<\/strong>&quot;, describi\u00f3. <\/p>\n<p>Al referirse a Milei, en tanto, empez\u00f3 diciendo que &quot;<strong>se comunica con su perro fallecido<\/strong> a trav\u00e9s de un m\u00e9dium para pedirles consejos&quot;. &quot;<strong>\u00bfQu\u00e9 dices, Lassie? Guau, Guau, Guau. \u00bfFlexibilizaci\u00f3n de mercado laboral?<\/strong>&quot;, brome\u00f3, imitando el sonido de los ladridos.<\/p>\n<blockquote>\n<p>Aqu\u00ed est\u00e1 el video completo: https:\/\/t.co\/ZWuysYCah0<br \/>\u00a1Muchas gracias @fi560n por los subt\u00edtulos!<\/p>\n<p>\u2014 Javier Smaldone (@mis2centavos) November 1, 2023<\/p><\/blockquote>\n<p>Acto seguido, hizo hincapi\u00e9 en la motosierra y dijo que Milei &quot;quiere un gobierno realmente peque\u00f1o&quot;. Tambi\u00e9n se\u00f1al\u00f3 sus intenciones de &quot;abolir el Banco Central&quot; y mostr\u00f3 un video donde el economista libertario golpea una pi\u00f1ata que representa al BCRA, en un programa de televisi\u00f3n argentino.<\/p>\n<p>&quot;Milei est\u00e1 en contra del gobierno y del Banco Central, habla con perros muertos, le gusta disfrazarse de superh\u00e9roe y quiere legalizar la venta de \u00f3rganos.<strong> \u00bfPor qu\u00e9 alguien votar\u00eda por este loco?<\/strong>&quot;, reflexion\u00f3.  <\/p>\n<p>Adem\u00e1s, tambi\u00e9n habl\u00f3 del &quot;<strong>populismo de izquierda<\/strong>&quot; y se\u00f1al\u00f3 que hay &quot;pol\u00edticos que dan dinero gratis a todos para atraer votos&quot;, al tiempo que mencion\u00f3 que &quot;el gas y la electricidad son rid\u00edculamente baratos&quot;. <\/p>\n<p>&quot;<strong>Argentina est\u00e1 al borde del abismo<\/strong> y en su desesperaci\u00f3n, el 19 de noviembre, la gente quiz\u00e1s elija a un <strong>loco total<\/strong>. Con la idea de que no puede empeorar. Creo que s\u00ed puede empeorar&quot;, cerr\u00f3. <\/p>\n<h2>&quot;Anarcocapitalista que blande una motosierra y clona perros&quot;: la cr\u00edtica de un comediante pol\u00edtico de Estados Unidos<\/h2>\n<p>El pasado fin de semana, <strong>John Oliver<\/strong>, al frente de su programa <em>Last Week Tonight<\/em>, asegur\u00f3 que <strong>Milei \u201ces un mont\u00f3n\u201d<\/strong>, se mof\u00f3 de su di\u00e1logo con su <strong>perro ya muerto<\/strong> y dijo que <strong>sus propuestas \u201cson malas\u201d<\/strong>.<\/p>\n<p>\u201cCandidato presidencial anarcocapitalista, que <strong>blande una motosierra y clona perros<\/strong>, que parece un Billie Joe Armstrong anegado y ve a <strong>sus perros como una especie de fuerza reencarnada<\/strong> que funciona como un gabinete pol\u00edtico\u201d, lo describi\u00f3. <\/p>\n<p>\u201c<strong>Milei es un mont\u00f3n<\/strong>\u201d, comenz\u00f3 defini\u00e9ndolo junto a una fotograf\u00eda del libertario disfrazado del superh\u00e9roe General Ancap, un personaje inventado de la mano de su asesora y cosplayer Lilia Lemoine. \u201c<strong>El General Ancap es una referencia a su filosof\u00eda pol\u00edtica: el anarcocapitalismo<\/strong>\u201d, apunt\u00f3.<\/p>\n<blockquote>\n<p>GENIAL \ud83d\ude02@iamjohnoliver sobre las elecciones argentinas y @JMilei.<br \/>(1\/4 subtitulado al espa\u00f1ol) pic.twitter.com\/FMb9fscZhN<\/p>\n<p>\u2014 Javier Smaldone (@mis2centavos) October 30, 2023<\/p><\/blockquote>\n<p>Al presentador hubo dos cuestiones que le llamaron m\u00e1s la atenci\u00f3n: por un lado, la <strong>propuesta para dinamitar el Banco Central<\/strong>; por otra parte, la de haber convertido a la <strong>motosierra en s\u00edmbolo de su lucha<\/strong>.<\/p>\n<p>\u201cIncluso <strong>destruy\u00f3 una maqueta del Banco Central<\/strong> y su versi\u00f3n en pi\u00f1ata en un programa de televisi\u00f3n\u201d, relat\u00f3 mientras se mostraban im\u00e1genes de esos dos momentos, para risas de sus seguidores.<\/p>\n<p>\u201cTambi\u00e9n <strong>simboliz\u00f3 los recortes mostrando una motosierra<\/strong> en p\u00fablico y algunos de sus seguidores fueron a votar usando una m\u00e1scara de motosierra e incluso mientras daban entrevistas\u201d, agreg\u00f3.<\/p>\n<p><em>ES<\/em><\/p>\n","protected":false},"excerpt":{"rendered":"<p>La motosierra de Javier Milei tambi\u00e9n lleg\u00f3 a la televisi\u00f3n de Pa\u00edses Bajos: &#8220;Argentina est\u00e1 al borde del abismo y la gente quiz\u00e1s elija a un loco total&#8221; Javier Milei y su met\u00e1fora de la motosierra, que incluso se materializ\u00f3 en uno de sus actos de campa\u00f1a, trascendi\u00f3 las fronteras de la Argentina y lleg\u00f3 a programas televisivos de todo el mundo. Luego de que un filoso comediante pol\u00edtico de la TV de Estados Unidos fulminara al candidato de La Libertad Avanza, ahora fue un conductor de Pa\u00edses Bajos quien critic\u00f3 y ridiculiz\u00f3 al economista, a quien mencion\u00f3, incluso, como &#8220;este loco&#8221;.<br \/>\nArjen Lubach, en su programa Avondshow, analiz\u00f3 las elecciones presidenciales argentinas. &#8220;\u00bfPor qu\u00e9 est\u00e1n tan entusiasmados con este hombre lobo con una motosierra?&#8221;, pregunt\u00f3 antes de hablar del contexto del pa\u00eds.<br \/>\nEn ese sentido, habl\u00f3 de que &#8220;la econom\u00eda ha estado mal durante a\u00f1os&#8221;, mencion\u00f3 la &#8220;inflaci\u00f3n del 100 por ciento&#8221;, dijo que &#8220;casi nadie quiere prestarle dinero a la Argentina&#8221; y que por eso &#8220;ac..<\/p>\n","protected":false},"author":2,"featured_media":10228,"comment_status":"","ping_status":"","sticky":false,"template":"","format":"standard","meta":{"footnotes":""},"categories":[7],"tags":[],"_links":{"self":[{"href":"https:\/\/maxradio923.com.ar\/index.php\/wp-json\/wp\/v2\/posts\/10227"}],"collection":[{"href":"https:\/\/maxradio923.com.ar\/index.php\/wp-json\/wp\/v2\/posts"}],"about":[{"href":"https:\/\/maxradio923.com.ar\/index.php\/wp-json\/wp\/v2\/types\/post"}],"author":[{"embeddable":true,"href":"https:\/\/maxradio923.com.ar\/index.php\/wp-json\/wp\/v2\/users\/2"}],"replies":[{"embeddable":true,"href":"https:\/\/maxradio923.com.ar\/index.php\/wp-json\/wp\/v2\/comments?post=10227"}],"version-history":[{"count":0,"href":"https:\/\/maxradio923.com.ar\/index.php\/wp-json\/wp\/v2\/posts\/10227\/revisions"}],"wp:featuredmedia":[{"embeddable":true,"href":"https:\/\/maxradio923.com.ar\/index.php\/wp-json\/wp\/v2\/media\/10228"}],"wp:attachment":[{"href":"https:\/\/maxradio923.com.ar\/index.php\/wp-json\/wp\/v2\/media?parent=10227"}],"wp:term":[{"taxonomy":"category","embeddable":true,"href":"https:\/\/maxradio923.com.ar\/index.php\/wp-json\/wp\/v2\/categories?post=10227"},{"taxonomy":"post_tag","embeddable":true,"href":"https:\/\/maxradio923.com.ar\/index.php\/wp-json\/wp\/v2\/tags?post=10227"}],"curies":[{"name":"wp","href":"https:\/\/api.w.org\/{rel}","templated":true}]}}