{"id":10220,"date":"2023-11-02T01:24:42","date_gmt":"2023-11-02T04:24:42","guid":{"rendered":"https:\/\/maxradio923.com\/index.php\/2023\/11\/02\/sergio-massa-dijo-que-si-gana-el-balotaje-tomara-medidas-antes-de-que-termine-el-mandato-de-alberto-fernandez\/"},"modified":"2023-11-02T01:24:42","modified_gmt":"2023-11-02T04:24:42","slug":"sergio-massa-dijo-que-si-gana-el-balotaje-tomara-medidas-antes-de-que-termine-el-mandato-de-alberto-fernandez","status":"publish","type":"post","link":"https:\/\/maxradio923.com.ar\/index.php\/2023\/11\/02\/sergio-massa-dijo-que-si-gana-el-balotaje-tomara-medidas-antes-de-que-termine-el-mandato-de-alberto-fernandez\/","title":{"rendered":"Sergio Massa dijo que si gana el balotaje tomar\u00e1 medidas antes de que termine el mandato de Alberto Fern\u00e1ndez"},"content":{"rendered":"<p>Sergio Massa dijo que si gana el balotaje tomar\u00e1 medidas antes de que termine el mandato de Alberto Fern\u00e1ndez<\/p>\n<p><strong>Sergio Massa<\/strong>, ministro de Econom\u00eda y candidato presidencial de <strong>Uni\u00f3n por la Patria<\/strong>, adelant\u00f3 que, en caso de imponerse en el <strong>balotaje <\/strong>frente a <strong>Javier Milei<\/strong>, las primeras medidas llegar\u00edan <strong>antes de que finalice el mandato de Alberto Fern\u00e1ndez<\/strong>. <\/p>\n<p>&quot;Si los argentinos me dan la responsabilidad de gobernar, las primeras medidas vamos a tratar de que sean entre el 20 de noviembre y el 10 de diciembre para que haya una <strong>transici\u00f3n ordenada<\/strong>&quot;, expres\u00f3 en una entrevista con <em>TN<\/em>.<\/p>\n<p>En espec\u00edfico, habl\u00f3 de &quot;la nueva construcci\u00f3n o el <strong>nuevo dise\u00f1o del Estado<\/strong>, la unificaci\u00f3n de algunas empresas p\u00fablicas y el ordenamiento del sistema tributario&quot;. <\/p>\n<p>Adem\u00e1s, <strong>volvi\u00f3 a diferenciarse y tomar distancia del mandato de Alberto Fern\u00e1ndez<\/strong>: &quot;Si gano, el 10 de diciembre <strong>empieza mi gobierno y las decisiones las tomo yo<\/strong>, como lo hice en cada lugar donde tuve responsabilidad&quot;.<\/p>\n<p>Por otro lado, descart\u00f3 la posibilidad de que la mayor\u00eda de los votos de quienes apoyaron a <strong>Juntos por el Cambio<\/strong> en primera vuelta se traslade a La Libertad Avanza, incluso despu\u00e9s del <strong>apoyo de Mauricio Macri y Bullrich<\/strong>: &quot;<strong>La gente no es ganado<\/strong>, que los dirigentes los llevan a votar lo que ellos quieren&quot;.<\/p>\n<h2>Massa se diferenci\u00f3 de Milei: habl\u00f3 de &quot;equilibrio emocional&quot; y de repartir &quot;cargos como confites&quot;<\/h2>\n<p>Respecto de &quot;la etapa que se viene en la Argentina&quot;, Massa consider\u00f3 que &quot;hace falta <strong>templanza, equilibrio emocional, racionalidad<\/strong>, conocimiento del mundo, cuidar las relaciones internacionales y un gobierno de unidad nacional&quot;.<\/p>\n<p>&quot;<strong>Ese soy yo<\/strong>&quot;, lanz\u00f3, diferenci\u00e1ndose del candidato de La Libertad Avanza. Y enfatiz\u00f3: &quot;<strong>Yo no reparto cargos como confites<\/strong>&quot;. Acto seguido, asegur\u00f3 que Milei le ofreci\u00f3 &quot;el ministerio de Seguridad a la misma persona que acus\u00f3 de <strong>asesina y tira bombas<\/strong>&quot;, en referencia a <strong>Patricia Bullrich<\/strong>. <\/p>\n<p>&quot;Dijo que <strong>Mauricio Macri<\/strong> fue uno de los peores fracasos como gobierno de la historia y que <strong>Bullrich era una montonera asesina<\/strong> y ahora termina <strong>abrazado a ellos<\/strong>&quot;, complet\u00f3. <\/p>\n<p>Tambi\u00e9n planteo sus discrepancias con el economista libertario en cuanto a sus respectivos &quot;<strong>sistemas de valores<\/strong>&quot;. En ese sentido, indic\u00f3 que &quot;los argentinos no quieren vivir en una sociedad donde haya <strong>libre venta de armas<\/strong>, no quieren que<strong> sus hijos vayan con un rev\u00f3lver al colegio<\/strong>, sino con una notebook&quot;.<\/p>\n<p>&quot;La mayor\u00eda de la sociedad no quiere que se <strong>vendan \u00f3rganos<\/strong>, la mayor\u00eda cree en la <strong>educaci\u00f3n p\u00fablica y gratuita<\/strong>, no con vouchers ni pagas&quot;, agreg\u00f3.<\/p>\n<p>En esa misma l\u00ednea, continu\u00f3: &quot;Los argentinos defienden la <strong>soberan\u00eda de Malvinas<\/strong>, no creen que se pueda negociar o <strong>entregar la sangre de nuestros soldados<\/strong> en una negociaci\u00f3n por vacunas o peor, resignarnos a que a los ingleses se les reconozca la soberan\u00eda&quot;.<\/p>\n<p>&quot;Los argentinos quieren <strong>derechos laborales.<\/strong> Esta idea de eliminar las vacaciones pagas, el derecho a la indemnizaci\u00f3n, son cosas que pusieron en discusi\u00f3n en esta elecci\u00f3n una cuesti\u00f3n de <strong>valores<\/strong>, en qu\u00e9 sociedad queremos vivir&quot;, cerr\u00f3. <\/p>\n<p><em>DB<\/em><\/p>\n","protected":false},"excerpt":{"rendered":"<p>Sergio Massa dijo que si gana el balotaje tomar\u00e1 medidas antes de que termine el mandato de Alberto Fern\u00e1ndezSergio Massa, ministro de Econom\u00eda y candidato presidencial de Uni\u00f3n por la Patria, adelant\u00f3 que, en caso de imponerse en el balotaje frente a Javier Milei, las primeras medidas llegar\u00edan antes de que finalice el mandato de Alberto Fern\u00e1ndez.<br \/>\n&#8220;Si los argentinos me dan la responsabilidad de gobernar, las primeras medidas vamos a tratar de que sean entre el 20 de noviembre y el 10 de diciembre para que haya una transici\u00f3n ordenada&#8221;, expres\u00f3 en una entrevista con TN.<br \/>\nEn espec\u00edfico, habl\u00f3 de &#8220;la nueva construcci\u00f3n o el nuevo dise\u00f1o del Estado, la unificaci\u00f3n de algunas empresas p\u00fablicas y el ordenamiento del sistema tributario&#8221;.<br \/>\nAdem\u00e1s, volvi\u00f3 a diferenciarse y tomar distancia del mandato de Alberto Fern\u00e1ndez: &#8220;Si gano, el 10 de diciembre empieza mi gobierno y las decisiones las tomo yo, como lo hice en cada lugar donde tuve responsabilidad&#8221;.<br \/>\nPor otro lado, descart\u00f3 la posibilidad..<\/p>\n","protected":false},"author":2,"featured_media":10221,"comment_status":"","ping_status":"","sticky":false,"template":"","format":"standard","meta":{"footnotes":""},"categories":[7],"tags":[],"_links":{"self":[{"href":"https:\/\/maxradio923.com.ar\/index.php\/wp-json\/wp\/v2\/posts\/10220"}],"collection":[{"href":"https:\/\/maxradio923.com.ar\/index.php\/wp-json\/wp\/v2\/posts"}],"about":[{"href":"https:\/\/maxradio923.com.ar\/index.php\/wp-json\/wp\/v2\/types\/post"}],"author":[{"embeddable":true,"href":"https:\/\/maxradio923.com.ar\/index.php\/wp-json\/wp\/v2\/users\/2"}],"replies":[{"embeddable":true,"href":"https:\/\/maxradio923.com.ar\/index.php\/wp-json\/wp\/v2\/comments?post=10220"}],"version-history":[{"count":0,"href":"https:\/\/maxradio923.com.ar\/index.php\/wp-json\/wp\/v2\/posts\/10220\/revisions"}],"wp:featuredmedia":[{"embeddable":true,"href":"https:\/\/maxradio923.com.ar\/index.php\/wp-json\/wp\/v2\/media\/10221"}],"wp:attachment":[{"href":"https:\/\/maxradio923.com.ar\/index.php\/wp-json\/wp\/v2\/media?parent=10220"}],"wp:term":[{"taxonomy":"category","embeddable":true,"href":"https:\/\/maxradio923.com.ar\/index.php\/wp-json\/wp\/v2\/categories?post=10220"},{"taxonomy":"post_tag","embeddable":true,"href":"https:\/\/maxradio923.com.ar\/index.php\/wp-json\/wp\/v2\/tags?post=10220"}],"curies":[{"name":"wp","href":"https:\/\/api.w.org\/{rel}","templated":true}]}}