{"id":10212,"date":"2023-11-02T01:03:54","date_gmt":"2023-11-02T04:03:54","guid":{"rendered":"https:\/\/maxradio923.com\/index.php\/2023\/11\/02\/la-guerra-con-hamas-de-antisemita-a-pro-israeli-el-giro-de-la-ultraderecha-europea\/"},"modified":"2023-11-02T01:03:54","modified_gmt":"2023-11-02T04:03:54","slug":"la-guerra-con-hamas-de-antisemita-a-pro-israeli-el-giro-de-la-ultraderecha-europea","status":"publish","type":"post","link":"https:\/\/maxradio923.com.ar\/index.php\/2023\/11\/02\/la-guerra-con-hamas-de-antisemita-a-pro-israeli-el-giro-de-la-ultraderecha-europea\/","title":{"rendered":"La guerra con Hamas: de antisemita a pro-israel\u00ed, el giro de la ultraderecha europea"},"content":{"rendered":"<p>La guerra con Hamas: de antisemita a pro-israel\u00ed, el giro de la ultraderecha europea<\/p>\n<p>La extrema derecha europea, en sus diferencias versiones, <strong>fue siempre antisemita. <\/strong>Desde los primeros movimientos fascistas de los a\u00f1os 20 y 30 del siglo pasado hasta la extrema derecha cl\u00e1sica en los a\u00f1os 80 y 90, esos partidos siempre atizaron el odio contra los jud\u00edos. Los partidos de extrema derecha <strong>fueron los que colaboraron con los nazis en la persecuci\u00f3n de los jud\u00edos<\/strong>, como sucedi\u00f3 en B\u00e9lgica, en Francia, en Italia y en casi toda Europa. <\/p>\n<p>La democracia cristiana, los liberales y los socialistas no se comportaron generalmente as\u00ed. Durante el franquismo en Espa\u00f1a el r\u00e9gimen de Franco hablaba de la \u201cconjura judeo-mas\u00f3nica\u201d y Jean Marie Le Pen en Francia alegaba que<strong> el Holocausto era una exageraci\u00f3n <\/strong>y que nunca hubo c\u00e1maras de gas en los campos de concentraci\u00f3n.<\/p>\n<p><img decoding=\"async\" alt=\"Soldados israel\u00edes recuperan una bandera en el sur del pa\u00eds. Foto Reuters\" src=\"https:\/\/www.clarin.com\/img\/2023\/11\/01\/TWj8AC2RZ_720x0__1.jpg\"\/>Soldados israel\u00edes recuperan una bandera en el sur del pa\u00eds. Foto Reuters<\/p>\n<p>En los a\u00f1os 80 y 90 empezaron a cambiar esas costumbres pol\u00edticas y desde el inicio de este siglo el cambio empez\u00f3 a ser m\u00e1s claro. Hubo un peque\u00f1o giro. <strong>Israel empez\u00f3 a tener gobiernos cada vez m\u00e1s a la derecha<\/strong>, cuyas pol\u00edticas gustaban m\u00e1s a los partidos de extrema derecha europeos. Y hubo un giro mucho mayor. Los ultraderechistas europeos empezaron a odiar tanto a los inmigrantes \u00e1rabes y musulmanes que pusieron su islamofobia por encima de su antisemitismo.<\/p>\n<p>El 9 de octubre, dos d\u00edas despu\u00e9s de los ataques terroristas de Hamas en el sur de Israel, l<strong>os diputados de la ultraderechista Marine Le Pen se manifestaron en Par\u00eds a favor de Israel<\/strong> y de la comunidad jud\u00eda francesa. Los manifestantes, entre ellos muchos jud\u00edos, no tuvieron ning\u00fan problema en manifestarse junto a diputados racistas. Marine Le Pen dijo hace dos semanas que Israel deber\u00eda \u201cerradicar\u201d a Hamas mientras su padre fue condenado d\u00e9cadas atr\u00e1s por negar el Holocausto.<\/p>\n<h2>Contra \u00e1rabes y musulmanes<\/h2>\n<p>La regi\u00f3n belga de Flandes es otro ejemplo de ese giro, casi copernicano. Flandes cuenta con dos partidos de extrema derecha. El NVA, reaccionario y ultranacionalista, es similar a partidos como el VOX espa\u00f1ol o al \u2018Hermanos de Italia\u2019. <\/p>\n<p>A su derecha est\u00e1 el Vlaams Belang, un partido neonazi, heredero de los movimientos pol\u00edticos que durante la ocupaci\u00f3n nazi de B\u00e9lgica <strong>colaboraron con la Gestapo en la persecuci\u00f3n de los jud\u00edos belgas<\/strong>, su internamiento en el cuartel de Dossin (al norte de Malinas) y su deportaci\u00f3n a los campos de concentraci\u00f3n y de exterminio en el territorio del Reich alem\u00e1n.<\/p>\n<p>Esos partidos fueron variando en las \u00faltimas d\u00e9cadas y descubrieron que<strong> atizar el odio contra los \u00e1rabes y musulmanes eran mucho m\u00e1s rentable<\/strong> pol\u00edticamente que el antisemitismo cl\u00e1sico que alimentaron durante d\u00e9cadas. Ese mismo fen\u00f3meno funciona en la extrema derecha de pa\u00edses como Suecia, Dinamarca, Noruega o los Pa\u00edses Bajos.<\/p>\n<p>En Italia sucedi\u00f3 algo similar. En 2019 el l\u00edder ultraderechista Matteo Salvini fue recibido por el primer ministro israel\u00ed Benjamin Netanyahu con todos los honores cuando era ministro de Interior. <\/p>\n<p>En aquella visita Salvini dijo que<strong> Jerusal\u00e9n entera deber\u00eda ser la capital de Israel<\/strong>, negando las resoluciones de Naciones Unidas que exigen su repartici\u00f3n entre israel\u00edes y palestinos. En 2020 Salvini organiz\u00f3 una conferencia \u201csobre las nuevas formas de antisemitismo\u201d, se acerc\u00f3 a las posiciones de Washington y se alej\u00f3 de las de Mosc\u00fa. Quer\u00eda presentarse como un l\u00edder responsable, no como el energ\u00fameno por el que se le ten\u00eda fuera de Italia.<\/p>\n<p>En aquella conferencia l\u00edderes de comunidades jud\u00edas hablaron contra el antisemitismo, pero tambi\u00e9n contra el racismo en general, ante la incomodidad de Salvini. Desde entonces niega haber sido nunca intolerante o racista, aunque las hemerotecas de la prensa italiana tienen muestras de sobra de sus salidas de tono racistas. <\/p>\n<p>A aquella conferencia <strong>rechaz\u00f3 asistir la senadora vitalicia Liliana Segre<\/strong>, superviviente del Holocausto, porque Salvini no quiso que la conferencia fuera sobre antisemitismo pero tambi\u00e9n sobre racismo en general.<\/p>\n<p><em>PB<\/em><\/p>\n","protected":false},"excerpt":{"rendered":"<p>La guerra con Hamas: de antisemita a pro-israel\u00ed, el giro de la ultraderecha europeaLa extrema derecha europea, en sus diferencias versiones, fue siempre antisemita. Desde los primeros movimientos fascistas de los a\u00f1os 20 y 30 del siglo pasado hasta la extrema derecha cl\u00e1sica en los a\u00f1os 80 y 90, esos partidos siempre atizaron el odio contra los jud\u00edos. Los partidos de extrema derecha fueron los que colaboraron con los nazis en la persecuci\u00f3n de los jud\u00edos, como sucedi\u00f3 en B\u00e9lgica, en Francia, en Italia y en casi toda Europa.<br \/>\nLa democracia cristiana, los liberales y los socialistas no se comportaron generalmente as\u00ed. Durante el franquismo en Espa\u00f1a el r\u00e9gimen de Franco hablaba de la \u201cconjura judeo-mas\u00f3nica\u201d y Jean Marie Le Pen en Francia alegaba que el Holocausto era una exageraci\u00f3n y que nunca hubo c\u00e1maras de gas en los campos de concentraci\u00f3n.<br \/>\nSoldados israel\u00edes recuperan una bandera en el sur del pa\u00eds. Foto ReutersEn los a\u00f1os 80 y 90 empezaron a cambiar esas costumbres pol\u00edticas y ..<\/p>\n","protected":false},"author":2,"featured_media":10213,"comment_status":"","ping_status":"","sticky":false,"template":"","format":"standard","meta":{"footnotes":""},"categories":[3],"tags":[],"_links":{"self":[{"href":"https:\/\/maxradio923.com.ar\/index.php\/wp-json\/wp\/v2\/posts\/10212"}],"collection":[{"href":"https:\/\/maxradio923.com.ar\/index.php\/wp-json\/wp\/v2\/posts"}],"about":[{"href":"https:\/\/maxradio923.com.ar\/index.php\/wp-json\/wp\/v2\/types\/post"}],"author":[{"embeddable":true,"href":"https:\/\/maxradio923.com.ar\/index.php\/wp-json\/wp\/v2\/users\/2"}],"replies":[{"embeddable":true,"href":"https:\/\/maxradio923.com.ar\/index.php\/wp-json\/wp\/v2\/comments?post=10212"}],"version-history":[{"count":0,"href":"https:\/\/maxradio923.com.ar\/index.php\/wp-json\/wp\/v2\/posts\/10212\/revisions"}],"wp:featuredmedia":[{"embeddable":true,"href":"https:\/\/maxradio923.com.ar\/index.php\/wp-json\/wp\/v2\/media\/10213"}],"wp:attachment":[{"href":"https:\/\/maxradio923.com.ar\/index.php\/wp-json\/wp\/v2\/media?parent=10212"}],"wp:term":[{"taxonomy":"category","embeddable":true,"href":"https:\/\/maxradio923.com.ar\/index.php\/wp-json\/wp\/v2\/categories?post=10212"},{"taxonomy":"post_tag","embeddable":true,"href":"https:\/\/maxradio923.com.ar\/index.php\/wp-json\/wp\/v2\/tags?post=10212"}],"curies":[{"name":"wp","href":"https:\/\/api.w.org\/{rel}","templated":true}]}}