{"id":10196,"date":"2023-11-01T21:14:59","date_gmt":"2023-11-02T00:14:59","guid":{"rendered":"https:\/\/maxradio923.com\/index.php\/2023\/11\/01\/el-hombre-clave-entre-mauricio-macri-y-javier-milei-y-los-numeros-que-mira-sergio-massa\/"},"modified":"2023-11-01T21:14:59","modified_gmt":"2023-11-02T00:14:59","slug":"el-hombre-clave-entre-mauricio-macri-y-javier-milei-y-los-numeros-que-mira-sergio-massa","status":"publish","type":"post","link":"https:\/\/maxradio923.com.ar\/index.php\/2023\/11\/01\/el-hombre-clave-entre-mauricio-macri-y-javier-milei-y-los-numeros-que-mira-sergio-massa\/","title":{"rendered":"El hombre clave entre Mauricio Macri y Javier Milei y los n\u00fameros que mira Sergio Massa"},"content":{"rendered":"<p>El hombre clave entre Mauricio Macri y Javier Milei y los n\u00fameros que mira Sergio Massa<\/p>\n<h2><strong>El gato que est\u00e1<\/strong><\/h2>\n<p><strong>Mauricio Macri <\/strong>tuvo una semana salvaje: luego de ser art\u00edfice y anfitri\u00f3n de la negociaci\u00f3n del acuerdo con <strong>Javier Gerardo Milei<\/strong>, el expresidente particip\u00f3 el \u00faltimo domingo de dos programas de televisi\u00f3n. Visit\u00f3 a Jos\u00e9 Del R\u00edo en el barrio de Chacarita y, luego, a Jorge Lanata en Constituci\u00f3n. Lleg\u00f3 en su camioneta -acompa\u00f1ado de su custodia- y se baj\u00f3 en el play\u00f3n de Canal 13, exhausto pero feliz:<strong> \u201cParezco un Seal de esos de la Marina que hac\u00eda a\u00f1os que no entrenaba\u2026\u201d, dijo, de buen humor.<\/strong> Los Navy Seals son los equipos de tierra, mar y aire de la Armada de los Estados Unidos, una fuerza de elite militar, preparados para ejecutar las misiones especiales m\u00e1s riesgosas de su pa\u00eds, en cualquier lugar del planeta. As\u00ed se siente Macri: ejecutando una operaci\u00f3n riesgosa pero fundamental para \u00e9l y para el pa\u00eds. Esa jugada lo cuenta a la cabeza del armado: <strong>habla \u00e9l solo con Milei de lo grueso del acuerdo<\/strong>. Lo m\u00e1s fino, como la fiscalizaci\u00f3n en el balotaje, tiene delegados de su confianza como Cristian Ritondo, Federico Angelini y Paula Mar\u00eda Bertol. Esta abogada es amiga de a\u00f1os de<strong> Guillermo Francos<\/strong>, hoy alfil a tiempo completo del le\u00f3n libertario. Todos ellos se ocupar\u00e1n ahora de que los votos para La Libertad Avanza terminen dentro de la urna:<em> \u00a1Barrionuevo afuera!, podr\u00eda recitar ahora el economista anarco capitalista&#8230;<\/em><\/p>\n<p><img decoding=\"async\" alt=\"Mauricio Macri, luego de conocerse los primeros resultados tras las elecciones primarias.  Foto EFE\/ Juan Ignacio Roncoroni\" src=\"https:\/\/www.clarin.com\/img\/2023\/08\/16\/anVaaEQ4-_720x0__1.jpg\"\/>Mauricio Macri, luego de conocerse los primeros resultados tras las elecciones primarias.  Foto EFE\/ Juan Ignacio Roncoroni<\/p>\n<h2><strong>El calabr\u00e9s<\/strong><\/h2>\n<p>Pero un nombre ha surgido en esos v\u00ednculos entre &quot;El Gato&quot; y &quot;El Le\u00f3n&quot;. Un empresario argentino con fuertes inversiones en Uruguay se ha transformado en un lazo determinante:<strong> Eduardo Bastitta, due\u00f1o del emprendimiento &quot;+ Colonia&quot;, una especie de Nordelta uruguayo<\/strong> que crane\u00f3 con su padre Eduardo. Y que con su empresa Plaza Log\u00edstica le alquila un predio a Mercado Libre para su centro de distribuci\u00f3n en el Mercado Central. <strong>Bastitta se ha convertido en un f\u00e9rreo defensor de la &quot;dolarizaci\u00f3n&quot;<\/strong>, tema que ha debatido fuertemente con Carlos Melconian. Y junto a Claudio Porcel (due\u00f1o de Balanz), Gonzalo Tanoira (grupo Bemberg) y Sebasti\u00e1n Braun y Alec Oxenford conforman la mesa chica de fundraising de Milei desde hace 2 a\u00f1os y, entre otras cosas, armaron el famoso chat de la dolarizaci\u00f3n donde sumaron a m\u00e1s de 300 empresarios. Pero el detalle que marca la ligaz\u00f3n del empresario con los ahora socios pol\u00edticos es una visita a Colonia: en la buc\u00f3lica ciudad uruguaya, <strong>Bastitta llev\u00f3 a Milei<\/strong> -en agosto pasado-hasta el restaurant La Bohemia. \u00bfD\u00f3nde queda ese local gastron\u00f3mico? <strong>En &quot;El Calabr\u00e9s&quot;, zona donde Bastitta tiene su emprendimiento, y que remite a los or\u00edgenes italianos de los Macri.<\/strong><em> Todo tiene que ver con todo bien, Pancho Ib\u00e1\u00f1ez dixit&#8230;<\/em><\/p>\n<p><img decoding=\"async\" alt=\"Mauricio Macri Patricia Bullrich Javier Milei\" src=\"https:\/\/www.clarin.com\/img\/2023\/08\/16\/c8XZq1bmx_720x0__1.jpg\"\/>Mauricio Macri Patricia Bullrich Javier Milei<\/p>\n<h2><strong>Fuera de campa\u00f1a<\/strong><\/h2>\n<p>Esa frase tambi\u00e9n se puede aplicar a quienes se ocupan de la publicidad electoral. Ahora que Patricia Bullrich qued\u00f3 tercera en las elecciones generales, muchos miran al publicista Derek Hampton como uno de los responsables de no estar en el balotaje. Primero,<strong> se desnud\u00f3 que &quot;Derek&quot; es su nombre art\u00edstico y que, verdaderamente, se llama Diego Carlos<\/strong>. <em>Misterios de la fama&#8230; <\/em>Otra es que este disc\u00edpulo de Jaime Dur\u00e1n Barba, se referencia en Rodrigo Lugones, un publicista que trabaj\u00f3 con dirigentes del PRO y que hoy se radic\u00f3 en Miami. Y que junto a su allegado <strong>Guillo Garat<\/strong>, abarcaban todo el arco pol\u00edtico, dando consejos (y focus groups) a Patricia Bullrich, Horacio Rodr\u00edguez Larreta. Wado de Pedro y Javier Milei. Al libertario llegaron a trav\u00e9s de <strong>Santiago Caputo<\/strong>, el influyente dirigente que tuvo el privilegio de estar en la casa de Macri el d\u00eda que se sell\u00f3 el &quot;Pacto de Acassuso&quot;. <em>Un publicista a la derecha&#8230;<\/em><\/p>\n<p><img decoding=\"async\" alt=\"El consultor Derek Hampton, asesor y estratega de campa\u00f1a de Patricia Bullrich.\" src=\"https:\/\/www.clarin.com\/img\/2023\/09\/06\/cMz6vI26l_720x0__1.jpg\"\/>El consultor Derek Hampton, asesor y estratega de campa\u00f1a de Patricia Bullrich.<\/p>\n<h2><strong>Massismos<\/strong><\/h2>\n<p>Tambi\u00e9n en el campamento peronista los publicistas est\u00e1n de moda. Con el primer puesto en el balotaje, Sergio Tom\u00e1s Massa sigue escuchando los consejos discursivos del catal\u00e1n Antoni Guti\u00e9rrez-Rub\u00ed y las campa\u00f1as de redes de los brasile\u00f1os con <strong>Ot\u00e1vio Antunes<\/strong> y Edinho Silva. A eso, se deben sumar las piezas publicitarias de Fernando Sarni, El CEO y partner de Mercado McCann. Massa decide todo (&quot;ac\u00e1 el que manda soy yo&quot;, repite todo el tiempo a todo el mundo) y <strong>habla constantemente con su esposa Malena y con Sebasti\u00e1n Galmarini<\/strong>. A su cu\u00f1ado le conf\u00eda todo lo que son los n\u00fameros de las elecciones (acert\u00f3 con sus mediciones el triunfo en las Generales) y repasa con \u00e9l los mapas de color de los votos; esto es, d\u00f3nde deber\u00edan enfocarse antes del balotaje para sumar votos, tanto en el conurbano bonaerense como en provincias como Jujuy, Formosa o Chaco. Y d\u00f3nde prender velas para que el feriado del fin de semana del 19 de noviembre atraiga turistas con inclinaciones electorales macristas-mile\u00edstas. <\/p>\n<p><img decoding=\"async\" alt=\"Sergio Massa y Malena Galmarini, tras la elecci\u00f3n general. Foto Marcelo Carroll\" src=\"https:\/\/www.clarin.com\/img\/2023\/11\/01\/7JdVWMlgg_720x0__1.jpg\"\/>Sergio Massa y Malena Galmarini, tras la elecci\u00f3n general. Foto Marcelo Carroll<\/p>\n<p>Sergio Massa, fiel a su estilo, se ocupa de todo: desde<strong> pensar en un posible viaje del Papa Francisco a la Argentina<\/strong> hasta de la elecci\u00f3n porte\u00f1a, tema del que s<strong>e ocup\u00f3 de chequear con Cristina Kirchner antes de definir que Leandro Santoro no compita en un balotaje con su viejo conocido Jorge Macri. <\/strong>Tambi\u00e9n con CFK hablaron del conflicto Axel Kicillof-M\u00e1ximo Kirchner, algo que la vicepresidenta pide resolver en breve. Antes de que asuma Kicillof su segundo mandato. Y de resolver si M\u00e1ximo seguir\u00e1 al frente del PJ bonaerense o si deja ese rol pol\u00edtico clave, a cambio de volver a la Presidencia del bloque de diputados nacionales (de Uni\u00f3n por la Patria, desde diciembre) o si se convertir\u00e1 en ministro nacional, en caso de que su amigo Sergio gane la Presidencia. <em>Manojo de nervios, para todos y todas&#8230;<\/em><\/p>\n<p><img decoding=\"async\" alt=\"Sergio Massa habla en el B\u00fanker de UxP. Foto: Santiago Oroz.\" src=\"https:\/\/www.clarin.com\/img\/2023\/11\/01\/xbZmNO3us_720x0__1.jpg\"\/>Sergio Massa habla en el B\u00fanker de UxP. Foto: Santiago Oroz.<\/p>\n","protected":false},"excerpt":{"rendered":"<p>El hombre clave entre Mauricio Macri y Javier Milei y los n\u00fameros que mira Sergio MassaEl gato que est\u00e1Mauricio Macri tuvo una semana salvaje: luego de ser art\u00edfice y anfitri\u00f3n de la negociaci\u00f3n del acuerdo con Javier Gerardo Milei, el expresidente particip\u00f3 el \u00faltimo domingo de dos programas de televisi\u00f3n. Visit\u00f3 a Jos\u00e9 Del R\u00edo en el barrio de Chacarita y, luego, a Jorge Lanata en Constituci\u00f3n. Lleg\u00f3 en su camioneta -acompa\u00f1ado de su custodia- y se baj\u00f3 en el play\u00f3n de Canal 13, exhausto pero feliz: \u201cParezco un Seal de esos de la Marina que hac\u00eda a\u00f1os que no entrenaba\u2026\u201d, dijo, de buen humor. Los Navy Seals son los equipos de tierra, mar y aire de la Armada de los Estados Unidos, una fuerza de elite militar, preparados para ejecutar las misiones especiales m\u00e1s riesgosas de su pa\u00eds, en cualquier lugar del planeta. As\u00ed se siente Macri: ejecutando una operaci\u00f3n riesgosa pero fundamental para \u00e9l y para el pa\u00eds. Esa jugada lo cuenta a la cabeza del armado: habla \u00e9l solo con Milei de lo grue..<\/p>\n","protected":false},"author":2,"featured_media":10197,"comment_status":"","ping_status":"","sticky":false,"template":"","format":"standard","meta":{"footnotes":""},"categories":[7],"tags":[],"_links":{"self":[{"href":"https:\/\/maxradio923.com.ar\/index.php\/wp-json\/wp\/v2\/posts\/10196"}],"collection":[{"href":"https:\/\/maxradio923.com.ar\/index.php\/wp-json\/wp\/v2\/posts"}],"about":[{"href":"https:\/\/maxradio923.com.ar\/index.php\/wp-json\/wp\/v2\/types\/post"}],"author":[{"embeddable":true,"href":"https:\/\/maxradio923.com.ar\/index.php\/wp-json\/wp\/v2\/users\/2"}],"replies":[{"embeddable":true,"href":"https:\/\/maxradio923.com.ar\/index.php\/wp-json\/wp\/v2\/comments?post=10196"}],"version-history":[{"count":0,"href":"https:\/\/maxradio923.com.ar\/index.php\/wp-json\/wp\/v2\/posts\/10196\/revisions"}],"wp:featuredmedia":[{"embeddable":true,"href":"https:\/\/maxradio923.com.ar\/index.php\/wp-json\/wp\/v2\/media\/10197"}],"wp:attachment":[{"href":"https:\/\/maxradio923.com.ar\/index.php\/wp-json\/wp\/v2\/media?parent=10196"}],"wp:term":[{"taxonomy":"category","embeddable":true,"href":"https:\/\/maxradio923.com.ar\/index.php\/wp-json\/wp\/v2\/categories?post=10196"},{"taxonomy":"post_tag","embeddable":true,"href":"https:\/\/maxradio923.com.ar\/index.php\/wp-json\/wp\/v2\/tags?post=10196"}],"curies":[{"name":"wp","href":"https:\/\/api.w.org\/{rel}","templated":true}]}}