{"id":10182,"date":"2023-11-01T20:14:39","date_gmt":"2023-11-01T23:14:39","guid":{"rendered":"https:\/\/maxradio923.com\/index.php\/2023\/11\/01\/investigan-una-pintada-antisemita-en-la-puerta-de-un-edificio-en-caballito\/"},"modified":"2023-11-01T20:14:39","modified_gmt":"2023-11-01T23:14:39","slug":"investigan-una-pintada-antisemita-en-la-puerta-de-un-edificio-en-caballito","status":"publish","type":"post","link":"https:\/\/maxradio923.com.ar\/index.php\/2023\/11\/01\/investigan-una-pintada-antisemita-en-la-puerta-de-un-edificio-en-caballito\/","title":{"rendered":"Investigan una pintada antisemita en la puerta de un edificio en Caballito"},"content":{"rendered":"<p>Investigan una pintada antisemita en la puerta de un edificio en Caballito<\/p>\n<p>Las autoridades porte\u00f1as abrieron una investigaci\u00f3n en el marco de la Ley Antidiscriminaci\u00f3n ante la aparici\u00f3n de una <strong>pintada antisemita en un edificio del barrio de Caballito<\/strong>, lo que provoc\u00f3 la inmediata reacci\u00f3n de la comunidad jud\u00eda en la Argentina.<\/p>\n<p>Fuentes del Ministerio de Seguridad de la Ciudad de Buenos Aires informaron tambi\u00e9n que se dio aviso del caso a la Divisi\u00f3n Antiterrorismo.<\/p>\n<p>La investigaci\u00f3n comenz\u00f3 luego de que apareciera <strong>pintada en negro una estrella de David en la entrada de un edificio<\/strong> situado en la calle Guayaquil 179, entre Senillosa y Doblas.<\/p>\n<p><strong>&quot;Esto no es una pintada, es un delito; y en Argentina ser antisemita es un delito&quot;<\/strong>, dijo el presidente de la DAIA, Jorge Knoblovits.<\/p>\n<p>La pintada coincide con las que comenzaron a aparecer en distintas ciudades europeas desde el inicio del conflicto entre Israel y Hamas, cuando el pasado 7 de octubre milicianos de este grupo islamista palestino irrumpieron en territorio israel\u00ed, secuestraron a m\u00e1s de 230 personas y mataron a unas 1.400 en ciudades y kibutz del sur de ese pa\u00eds.<\/p>\n<p>En di\u00e1logo con <em>T\u00e9lam<\/em>, Knoblovits dijo que &quot;esto reci\u00e9n comienza&quot; y se\u00f1al\u00f3: &quot;Que sean capaces de pintar un edificio donde vive un jud\u00edo, como pas\u00f3 en el Holocausto, es de mucha gravedad&quot;.<\/p>\n<p>Luego afirm\u00f3 que se est\u00e1 &quot;haciendo una investigaci\u00f3n judicial para ver qui\u00e9n fue el responsable porque esto no es una pintada, es un delito, y en Argentina ser antisemita es un delito&quot;.<\/p>\n<p>Knoblovits explic\u00f3 adem\u00e1s que &quot;est\u00e1n analizando im\u00e1genes y ya est\u00e1n en manos de la Justicia. As\u00ed como ya est\u00e1n detenidos dos antisemitas que amenazaron a la comunidad jud\u00eda la semana pasada&quot;.<\/p>\n<p>&quot;Antisemitas hay en todas partes, son parte de la misma matriz ideol\u00f3gica del odio, la misma que propone Hamas con la eliminaci\u00f3n del pueblo jud\u00edo&quot;, a\u00f1adi\u00f3.<\/p>\n<p>Y complet\u00f3: &quot;No vamos a permitir que el antisemitismo act\u00fae&quot;.<\/p>\n<p><em>Con informaci\u00f3n de T\u00e9lam<\/em><\/p>\n<p><em>DB<\/em><\/p>\n","protected":false},"excerpt":{"rendered":"<p>Investigan una pintada antisemita en la puerta de un edificio en CaballitoLas autoridades porte\u00f1as abrieron una investigaci\u00f3n en el marco de la Ley Antidiscriminaci\u00f3n ante la aparici\u00f3n de una pintada antisemita en un edificio del barrio de Caballito, lo que provoc\u00f3 la inmediata reacci\u00f3n de la comunidad jud\u00eda en la Argentina.<br \/>\nFuentes del Ministerio de Seguridad de la Ciudad de Buenos Aires informaron tambi\u00e9n que se dio aviso del caso a la Divisi\u00f3n Antiterrorismo.<br \/>\nLa investigaci\u00f3n comenz\u00f3 luego de que apareciera pintada en negro una estrella de David en la entrada de un edificio situado en la calle Guayaquil 179, entre Senillosa y Doblas.<br \/>\n&#8220;Esto no es una pintada, es un delito; y en Argentina ser antisemita es un delito&#8221;, dijo el presidente de la DAIA, Jorge Knoblovits.<br \/>\nLa pintada coincide con las que comenzaron a aparecer en distintas ciudades europeas desde el inicio del conflicto entre Israel y Hamas, cuando el pasado 7 de octubre milicianos de este grupo islamista palestino irrumpiero..<\/p>\n","protected":false},"author":2,"featured_media":10183,"comment_status":"","ping_status":"","sticky":false,"template":"","format":"standard","meta":{"footnotes":""},"categories":[9],"tags":[],"_links":{"self":[{"href":"https:\/\/maxradio923.com.ar\/index.php\/wp-json\/wp\/v2\/posts\/10182"}],"collection":[{"href":"https:\/\/maxradio923.com.ar\/index.php\/wp-json\/wp\/v2\/posts"}],"about":[{"href":"https:\/\/maxradio923.com.ar\/index.php\/wp-json\/wp\/v2\/types\/post"}],"author":[{"embeddable":true,"href":"https:\/\/maxradio923.com.ar\/index.php\/wp-json\/wp\/v2\/users\/2"}],"replies":[{"embeddable":true,"href":"https:\/\/maxradio923.com.ar\/index.php\/wp-json\/wp\/v2\/comments?post=10182"}],"version-history":[{"count":0,"href":"https:\/\/maxradio923.com.ar\/index.php\/wp-json\/wp\/v2\/posts\/10182\/revisions"}],"wp:featuredmedia":[{"embeddable":true,"href":"https:\/\/maxradio923.com.ar\/index.php\/wp-json\/wp\/v2\/media\/10183"}],"wp:attachment":[{"href":"https:\/\/maxradio923.com.ar\/index.php\/wp-json\/wp\/v2\/media?parent=10182"}],"wp:term":[{"taxonomy":"category","embeddable":true,"href":"https:\/\/maxradio923.com.ar\/index.php\/wp-json\/wp\/v2\/categories?post=10182"},{"taxonomy":"post_tag","embeddable":true,"href":"https:\/\/maxradio923.com.ar\/index.php\/wp-json\/wp\/v2\/tags?post=10182"}],"curies":[{"name":"wp","href":"https:\/\/api.w.org\/{rel}","templated":true}]}}