{"id":10176,"date":"2023-11-01T19:04:33","date_gmt":"2023-11-01T22:04:33","guid":{"rendered":"https:\/\/maxradio923.com\/index.php\/2023\/11\/01\/yategate-martin-insaurralde-pidio-apartar-al-fiscal-sergio-mola-de-la-causa-en-que-se-lo-investiga-por-lavado-y-enriquecimiento-ilicito\/"},"modified":"2023-11-01T19:04:33","modified_gmt":"2023-11-01T22:04:33","slug":"yategate-martin-insaurralde-pidio-apartar-al-fiscal-sergio-mola-de-la-causa-en-que-se-lo-investiga-por-lavado-y-enriquecimiento-ilicito","status":"publish","type":"post","link":"https:\/\/maxradio923.com.ar\/index.php\/2023\/11\/01\/yategate-martin-insaurralde-pidio-apartar-al-fiscal-sergio-mola-de-la-causa-en-que-se-lo-investiga-por-lavado-y-enriquecimiento-ilicito\/","title":{"rendered":"Yategate: Mart\u00edn Insaurralde pidi\u00f3 apartar al fiscal Sergio Mola de la causa en que se lo investiga por lavado y enriquecimiento il\u00edcito"},"content":{"rendered":"<p>Yategate: Mart\u00edn Insaurralde pidi\u00f3 apartar al fiscal Sergio Mola de la causa en que se lo investiga por lavado y enriquecimiento il\u00edcito<\/p>\n<p>El ex intendente de Lomas de Zamora Mart\u00edn Insaurralde<strong> pidi\u00f3 este mi\u00e9rcoles al juez federal de La Plata Ernesto Kreplak <\/strong>apartar al fiscal federal Sergio Mola de la causa en que se lo investiga por supuesto lavado de dinero y enriquecimiento il\u00edcito.<\/p>\n<p>En un escrito, Mola rechaz\u00f3 la recusaci\u00f3n y plante\u00f3 que el magistrado a cargo del expediente debe rechazarla po<strong>r &quot;falta de razones&quot; <\/strong>que motiven la recusacion. Adem\u00e1s, Mola marc\u00f3 que no existen motivos legales para apartarlo de la intervenci\u00f3n en este proceso.<\/p>\n<p>\u201cLa recusaci\u00f3n intentada por el defensor, debe ser rechazada, ya <strong>que no poseo ni enemistad, ni animadversi\u00f3n,<\/strong> ni relaci\u00f3n alguna con su defendido que pueda afectar mi actuaci\u00f3n como Fiscal en este proceso\u201d, escribi\u00f3 Mola.<\/p>\n<p>\u201cSe advierte de la sola lectura del escrito del defensor que sus afirmaciones <strong>son infundadas, <\/strong>que algunas de ellas obedecen a prejuicios personales del presentante, y otras, a inexactitudes, falta de informaci\u00f3n o mala lectura de las constancias de la causa\u201d, agreg\u00f3 el fiscal que investiga al ex jefe de gabinete de Axel Kicillof, a su novia Sofia Clerici y a su ex esposa Jesica Cirio.<\/p>\n<p>El abogado de Insaurralde, escribi\u00f3 Mola, \u201ccontin\u00faa afirmando que interpongo intereses personales y ajenos.<strong> Afirmaci\u00f3n que va deslizando gratuitamente y sin fundamento alguno\u201d.<\/strong><\/p>\n<p>\u201cEn contrario de lo que auto postula el presentante, que los motivos son<strong> inexistentes, err\u00f3neos y\/o balad\u00edes<\/strong>\u201d, agreg\u00f3.<\/p>\n<p>El segundo motivo de la recusaci\u00f3n de Insaurralde \u201c<strong>resulta francamente impertinente<\/strong>. Pretende fundar la supuesta enemistad con su defendido, cuestionando la recusaci\u00f3n del juez Federico Villena que el suscripto realiz\u00f3 al d\u00eda siguiente de tomar intervenci\u00f3n en la causa\u201d.<\/p>\n<p>El tercer motivo \u201cdirectamente es <strong>una canallada,<\/strong> sugiere que el suscripto aport\u00f3 a la prensa informaci\u00f3n que hab\u00eda obtenido la propia fiscal\u00eda. Y digo que es una canallada, porque inmediatamente a que tom\u00e9 conocimiento de esas publicaciones, como tambi\u00e9n de mi requerimiento de instrucci\u00f3n, le ped\u00ed al Sr. Juez que se extremaran los recaudos para mantener esas actuaciones en el marco de lo dispuesto en el art. 204 del C\u00f3digo Procesal Penal de la Naci\u00f3n\u201d, es decir en reserva.<\/p>\n<p>El cuarto motivo trata de <strong>\u201cuna cuesti\u00f3n completamente ajena al proceso<\/strong>, que por tal motivo no debe ser objeto de consideraci\u00f3n alguna. Este se refiere que la informaci\u00f3n fue capitalizada por la fuerza pol\u00edtica opositora contraria al espacio pol\u00edtico que integra su defendido\u201d, en alusi\u00f3n a la ex candidata presidencial de Juntos por el Cambio, Patricia Bullrich.<\/p>\n<p>\u201cAl quinto motivo ya me cuesta encontrarle calificativos. Asocia la premura persecutoria del suscripto con los tiempos de elecciones generales en curso. Que la inexplicable difusi\u00f3n de la informaci\u00f3n obtenida por el suscripto hizo virar el eje de las proclamas de la candidata Sra. Bullrich hacia el llamado \u201cyategate\u201d\u201d, subray\u00f3 Mola.<\/p>\n<p>El s\u00e9ptimo motivo es \u201catribuirme (falsamente) la difusi\u00f3n de las fotograf\u00edas del dinero secuestrado en el allanamiento del domicilio de Sof\u00eda Cl\u00e9rici, con t\u00edtulos en los medios que abonaban en beneficio del espacio pol\u00edtico de la candidata Bullrich\u201d.<\/p>\n<p><img decoding=\"async\" alt=\"El fiscal Sergio Mola en el alegato contra Cristina Kirchner y L\u00e1zaro B\u00e1ez en el juicio oral de la causa Vialidad.\" src=\"https:\/\/www.clarin.com\/img\/2022\/08\/01\/8VNCo1nNL_720x0__1.jpg\"\/>El fiscal Sergio Mola en el alegato contra Cristina Kirchner y L\u00e1zaro B\u00e1ez en el juicio oral de la causa Vialidad.<\/p>\n<p>En cuanto a la presencia de Bullrich en su ceremonia de juramento como fiscal, Mola dijo que \u201cme obliga a exponer una verdad de Perogrullo, y es que cuando jur\u00e9 como Fiscal de la Naci\u00f3n, todas las personas que me honraron acompa\u00f1\u00e1dome en ese hito tan importante de mi carrera profesional y de mi vida, familiares, amigos, colegas, funcionarios \u2013no solo los que all\u00ed se mencionan, pues hab\u00eda muchos otros-, aplaudieron\u201d. Y a las autoridades se las puso en primera fila, seg\u00fan el protocolo.<\/p>\n<p>Los abogados de Insaurralde, Nicol\u00e1s Maciel y Fernando Pinto, recursaron al fiscal Mola por supuesta \u201cenemistad manifiesta y animadversi\u00f3n\u201d y l<strong>o acusaron de filtraci\u00f3n de datos de la causa.<\/strong><\/p>\n<p>En un escrito, sostuvieron la difusi\u00f3n de los registros migratorios del ex jefe de gabinete de Axel Kiccilof, fue luego \u201ccapitalizada\u201d por la ex candidata presidencial de Juntos por el Cambio, Patricia Bullrich. <\/p>\n<p>\u201cLa coincidencia de la premura persecutoria del se\u00f1or Fiscal con los tiempos de las elecciones generales en curso, y de la inexplicable difusi\u00f3n inmediata de informaci\u00f3n de la causa, obtenida por el se\u00f1or Fiscal por fuera de la instrucci\u00f3n que \u00e9l mismo hab\u00eda requerido,hizo virar el eje de las proclamas de la candidata se\u00f1ora Bullrich hacia el llamado \u2018yategate\u2019\u201d, sostuvieron los abogados de Insaurralde.<\/p>\n<p>Los abogados de Insaurralde tambi\u00e9n <strong>usaron los mismos argumentos que la defensa de la vicepresidenta Cristina Kirchner en la causa Vialidad<\/strong> -donde Mola fue el fiscal adjunto- y afirmaron que el fiscal que fue nombrado con la ahora excandidata a la Presidencia \u201caplaudiendo en primera fila\u201d, cuando Bullrich era ministra de seguridad del gobierno de Cambiemos. \u201c<\/p>\n<p><img decoding=\"async\" alt=\"El juez Ernesto Kreplak (de anteojos), en la comisi\u00f3n de acuerdo del Senado. \" src=\"https:\/\/www.clarin.com\/img\/2016\/04\/11\/HJek0J-y4x_720x0.jpg\"\/>El juez Ernesto Kreplak (de anteojos), en la comisi\u00f3n de acuerdo del Senado. <\/p>\n<p>Los abogados tambi\u00e9n se quejaron porque el fiscal no requiri\u00f3 \u201cmedida alguna para confirmar la genuinidad de las im\u00e1genes publicadas en las redes sociales\u201d por parte de Clerici, quien expuso al intendente de Lomas de Zamora en uso de licencia a bordo del yate.<\/p>\n","protected":false},"excerpt":{"rendered":"<p>Yategate: Mart\u00edn Insaurralde pidi\u00f3 apartar al fiscal Sergio Mola de la causa en que se lo investiga por lavado y enriquecimiento il\u00edcitoEl ex intendente de Lomas de Zamora Mart\u00edn Insaurralde pidi\u00f3 este mi\u00e9rcoles al juez federal de La Plata Ernesto Kreplak apartar al fiscal federal Sergio Mola de la causa en que se lo investiga por supuesto lavado de dinero y enriquecimiento il\u00edcito.<br \/>\nEn un escrito, Mola rechaz\u00f3 la recusaci\u00f3n y plante\u00f3 que el magistrado a cargo del expediente debe rechazarla por &#8220;falta de razones&#8221; que motiven la recusacion. Adem\u00e1s, Mola marc\u00f3 que no existen motivos legales para apartarlo de la intervenci\u00f3n en este proceso.<br \/>\n\u201cLa recusaci\u00f3n intentada por el defensor, debe ser rechazada, ya que no poseo ni enemistad, ni animadversi\u00f3n, ni relaci\u00f3n alguna con su defendido que pueda afectar mi actuaci\u00f3n como Fiscal en este proceso\u201d, escribi\u00f3 Mola.<br \/>\n\u201cSe advierte de la sola lectura del escrito del defensor que sus afirmaciones son infundadas, que algunas de ellas obedecen a prejui..<\/p>\n","protected":false},"author":2,"featured_media":10177,"comment_status":"","ping_status":"","sticky":false,"template":"","format":"standard","meta":{"footnotes":""},"categories":[7],"tags":[],"_links":{"self":[{"href":"https:\/\/maxradio923.com.ar\/index.php\/wp-json\/wp\/v2\/posts\/10176"}],"collection":[{"href":"https:\/\/maxradio923.com.ar\/index.php\/wp-json\/wp\/v2\/posts"}],"about":[{"href":"https:\/\/maxradio923.com.ar\/index.php\/wp-json\/wp\/v2\/types\/post"}],"author":[{"embeddable":true,"href":"https:\/\/maxradio923.com.ar\/index.php\/wp-json\/wp\/v2\/users\/2"}],"replies":[{"embeddable":true,"href":"https:\/\/maxradio923.com.ar\/index.php\/wp-json\/wp\/v2\/comments?post=10176"}],"version-history":[{"count":0,"href":"https:\/\/maxradio923.com.ar\/index.php\/wp-json\/wp\/v2\/posts\/10176\/revisions"}],"wp:featuredmedia":[{"embeddable":true,"href":"https:\/\/maxradio923.com.ar\/index.php\/wp-json\/wp\/v2\/media\/10177"}],"wp:attachment":[{"href":"https:\/\/maxradio923.com.ar\/index.php\/wp-json\/wp\/v2\/media?parent=10176"}],"wp:term":[{"taxonomy":"category","embeddable":true,"href":"https:\/\/maxradio923.com.ar\/index.php\/wp-json\/wp\/v2\/categories?post=10176"},{"taxonomy":"post_tag","embeddable":true,"href":"https:\/\/maxradio923.com.ar\/index.php\/wp-json\/wp\/v2\/tags?post=10176"}],"curies":[{"name":"wp","href":"https:\/\/api.w.org\/{rel}","templated":true}]}}