{"id":10146,"date":"2023-11-01T14:55:01","date_gmt":"2023-11-01T17:55:01","guid":{"rendered":"https:\/\/maxradio923.com\/index.php\/2023\/11\/01\/beatriz-sarlo-dijo-que-no-adhirio-al-documento-de-intelectuales-en-apoyo-a-massa-un-amigo-puso-mi-firma-porque-le-parecia-que-iba-a-estar-de-acuerdo\/"},"modified":"2023-11-01T14:55:01","modified_gmt":"2023-11-01T17:55:01","slug":"beatriz-sarlo-dijo-que-no-adhirio-al-documento-de-intelectuales-en-apoyo-a-massa-un-amigo-puso-mi-firma-porque-le-parecia-que-iba-a-estar-de-acuerdo","status":"publish","type":"post","link":"https:\/\/maxradio923.com.ar\/index.php\/2023\/11\/01\/beatriz-sarlo-dijo-que-no-adhirio-al-documento-de-intelectuales-en-apoyo-a-massa-un-amigo-puso-mi-firma-porque-le-parecia-que-iba-a-estar-de-acuerdo\/","title":{"rendered":"Beatriz Sarlo dijo que no adhiri\u00f3 al documento de intelectuales en apoyo a Massa: &#8220;Un amigo puso mi firma porque le parec\u00eda que iba a estar de acuerdo&#8221;"},"content":{"rendered":"<p>Beatriz Sarlo dijo que no adhiri\u00f3 al documento de intelectuales en apoyo a Massa: &quot;Un amigo puso mi firma porque le parec\u00eda que iba a estar de acuerdo&quot;<\/p>\n<p>La ensayista y cr\u00edtica literaria Beatriz Sarlo tom\u00f3 distancia este mi\u00e9rcoles del <strong>documento publicado por intelectuales que piden votar a Sergio Massa, <\/strong>al revelar que un amigo incluy\u00f3 su nombre pero ella no est\u00e1 &quot;del todo de acuerdo&quot; con lo que plantea el texto.<\/p>\n<p>&quot;Un amigo me dijo &#039;puse tu firma en el documento&#039;. Yo <strong>le dije &#039;por qu\u00e9 la pusiste&#039;. Me dijo &#039;me pareci\u00f3 que ibas a estar de acuerdo&#039;<\/strong>&quot;, cont\u00f3 Sarlo despu\u00e9s de afirmar que ese amigo suyo la &quot;agarr\u00f3 de sorpresa&quot;.<\/p>\n<p>El nombre de Sarlo aparece en el documento con el que un grupo de intelectuales, entre los cuales tambi\u00e9n est\u00e1n Graciela Fern\u00e1ndez Meijide y Mariano Llin\u00e1s, llamaron a votar a Sergio Massa en el balotaje del 19 de noviembre porque, sostuvieron, Javier Milei anticipa un gobierno con \u201cuna pr\u00e1ctica cesarista y autoritaria violatoria de la Constituci\u00f3n\u201d.<\/p>\n<p>&quot;<strong>Hubiera preferido que no apareciera porque no la puse yo<\/strong> pero est\u00e1 bien, no hago conventillo&quot;, insisti\u00f3 Sarlo en una entrevista con Radio 10. <\/p>\n<p>En todo momento intent\u00f3 evitar exponer malestar con ese amigo que incluy\u00f3 su firma en el documento y le quit\u00f3 importancia al hecho. &quot;Yo hablo de cosas que me interesan, no de por qu\u00e9 en un momento que quiz\u00e1 no deber\u00edan haber puesto mi nombre sin preguntarme antes&quot;, sigui\u00f3.<\/p>\n<p>&quot;Digo que me sorprendi\u00f3, no es una tragedia que me haya sorprendido, es gente toda muy respetable y est\u00e1 todo bien&quot;, insisti\u00f3 Sarlo.<\/p>\n<p><img decoding=\"async\" alt=\"Beatriz Sarlo en la \u00faltima edici\u00f3n de la Feria del libro.\" src=\"https:\/\/www.clarin.com\/img\/2023\/04\/30\/gddU4G29x_720x0__1.jpg\"\/>Beatriz Sarlo en la \u00faltima edici\u00f3n de la Feria del libro.<\/p>\n<p>Enseguida, la reconocida ensayista destac\u00f3 que los dos candidatos &quot;dise\u00f1an el mismo caos en el cual vive la sociedad argentina&quot;, y agreg\u00f3: &quot;Los intelectuales tenemos el deber de <strong>pensar muy bien nuestras posiciones frente a ese caos<\/strong>&quot;.<\/p>\n<p>Sarlo se mostr\u00f3 en desacuerdo con el documento pero ya hab\u00eda expresado su cr\u00edtica a Milei y hasta hab\u00eda llamado a &quot;votar para frenar&quot; al libertario.<\/p>\n<p>El texto en el que fue incluida Sarlo advierte que \u201cla conducta p\u00fablica de Milei y de buena parte de su equipo es <strong>contraria a la cultura democr\u00e1tica<\/strong> que propiciamos para fortalecer una comunidad pol\u00edtica pluralista y pac\u00edfica; y expl\u00edcita negaci\u00f3n de pacto de los derechos humanos habilita un retorno de las formas de violencia pol\u00edtica y estatal&quot; que cre\u00edan &quot;superadas&quot;.<\/p>\n<p>En ese sentido, agregaron que \u201csu propuesta plebiscitaria de gobierno anticipa una pr\u00e1ctica cesarista y autoritaria violatoria de la Constituci\u00f3n Nacional\u201d.<\/p>\n<p>En el documento tambi\u00e9n cuestionan la mala gesti\u00f3n econ\u00f3mica y &quot;la ambig\u00fcedad&quot; de las propuestas de Massa.<\/p>\n<p>&quot;No se nos escapa que la trayectoria de Massa, los desaciertos de su gesti\u00f3n econ\u00f3mica y la ambig\u00fcedad de sus propuestas pueden generar serias dudas y temores&quot;, reconocen en el texto. <\/p>\n<p>No obstante, dijeron que consideran necesario &quot;establecer <strong>un cord\u00f3n democr\u00e1tico contra los peligros de una deriva autoritaria <\/strong>encarnados por Milei, posibilidad hoy representada por el triunfo de Massa&quot;.<\/p>\n<p>En septiembre pasado, pocos d\u00edas despu\u00e9s de las PASO, los intelectuales, en esa oportunidad s\u00ed con el aval de Sarlo, hab\u00edan publicado un documento en el que llamaban a votar a quien fuera el contricante de Milei en una hipot\u00e9tica segunda vuelta.<\/p>\n<p>&quot;Las sociedades democr\u00e1ticas se ponen a prueba en los momentos de crisis terminal. El triunfo en las PASO del movimiento libertario que lidera Javier Milei es uno de esos momentos, una<strong> conmoci\u00f3n de los fundamentos del pacto democr\u00e1tico<\/strong> instituido en 1983 porque, m\u00e1s all\u00e1 de las m\u00faltiples razones que explican la decisi\u00f3n de un sin duda heterog\u00e9neo electorado, es la primera vez en 40 a\u00f1os de democracia que candidatos con discursos que promueven la violencia social y pol\u00edtica, el desconocimiento de toda idea de equidad y, muy especialmente, la reivindicaci\u00f3n de la dictadura militar, llegan con grandes posibilidades de triunfo a una elecci\u00f3n presidencial&quot;, se\u00f1alaba ese texto.<\/p>\n<h2>La cr\u00edtica de Sarlo: &quot;Milei es lo m\u00e1s peligroso que hay&quot;<\/h2>\n<p>La intelectual ya hab\u00eda cuestionado p\u00fablicamente a Milei al calificarlo como &quot;lo m\u00e1s peligroso que hay&quot;.<\/p>\n<p>&quot;Milei es lo m\u00e1s peligroso que hay, porque el populismo siempre es una tendencia ideol\u00f3gica pol\u00edtica con la cual es probable que uno tenga que disentir, pero el populismo de derecha es temible&quot;, dijo Sarlo durante una entrevista en 2022.<\/p>\n<p>Y redobl\u00f3 la apuesta: &quot;Los fascismos europeos de la d\u00e9cada del 30 surgieron como formas del populismo de derecha, es temible, y Milei es un populistra de derecha&quot;.<\/p>\n","protected":false},"excerpt":{"rendered":"<p>Beatriz Sarlo dijo que no adhiri\u00f3 al documento de intelectuales en apoyo a Massa: &#8220;Un amigo puso mi firma porque le parec\u00eda que iba a estar de acuerdo&#8221;La ensayista y cr\u00edtica literaria Beatriz Sarlo tom\u00f3 distancia este mi\u00e9rcoles del documento publicado por intelectuales que piden votar a Sergio Massa, al revelar que un amigo incluy\u00f3 su nombre pero ella no est\u00e1 &#8220;del todo de acuerdo&#8221; con lo que plantea el texto.<br \/>\n&#8220;Un amigo me dijo &#039;puse tu firma en el documento&#039;. Yo le dije &#039;por qu\u00e9 la pusiste&#039;. Me dijo &#039;me pareci\u00f3 que ibas a estar de acuerdo&#039;&#8221;, cont\u00f3 Sarlo despu\u00e9s de afirmar que ese amigo suyo la &#8220;agarr\u00f3 de sorpresa&#8221;.<br \/>\nEl nombre de Sarlo aparece en el documento con el que un grupo de intelectuales, entre los cuales tambi\u00e9n est\u00e1n Graciela Fern\u00e1ndez Meijide y Mariano Llin\u00e1s, llamaron a votar a Sergio Massa en el balotaje del 19 de noviembre porque, sostuvieron, Javier Milei anticipa un gobierno con \u201cuna pr\u00e1ctica cesarista y autoritaria violatoria de la Constituc..<\/p>\n","protected":false},"author":2,"featured_media":10147,"comment_status":"","ping_status":"","sticky":false,"template":"","format":"standard","meta":{"footnotes":""},"categories":[7],"tags":[],"_links":{"self":[{"href":"https:\/\/maxradio923.com.ar\/index.php\/wp-json\/wp\/v2\/posts\/10146"}],"collection":[{"href":"https:\/\/maxradio923.com.ar\/index.php\/wp-json\/wp\/v2\/posts"}],"about":[{"href":"https:\/\/maxradio923.com.ar\/index.php\/wp-json\/wp\/v2\/types\/post"}],"author":[{"embeddable":true,"href":"https:\/\/maxradio923.com.ar\/index.php\/wp-json\/wp\/v2\/users\/2"}],"replies":[{"embeddable":true,"href":"https:\/\/maxradio923.com.ar\/index.php\/wp-json\/wp\/v2\/comments?post=10146"}],"version-history":[{"count":0,"href":"https:\/\/maxradio923.com.ar\/index.php\/wp-json\/wp\/v2\/posts\/10146\/revisions"}],"wp:featuredmedia":[{"embeddable":true,"href":"https:\/\/maxradio923.com.ar\/index.php\/wp-json\/wp\/v2\/media\/10147"}],"wp:attachment":[{"href":"https:\/\/maxradio923.com.ar\/index.php\/wp-json\/wp\/v2\/media?parent=10146"}],"wp:term":[{"taxonomy":"category","embeddable":true,"href":"https:\/\/maxradio923.com.ar\/index.php\/wp-json\/wp\/v2\/categories?post=10146"},{"taxonomy":"post_tag","embeddable":true,"href":"https:\/\/maxradio923.com.ar\/index.php\/wp-json\/wp\/v2\/tags?post=10146"}],"curies":[{"name":"wp","href":"https:\/\/api.w.org\/{rel}","templated":true}]}}