{"id":10144,"date":"2023-11-01T14:55:00","date_gmt":"2023-11-01T17:55:00","guid":{"rendered":"https:\/\/maxradio923.com\/index.php\/2023\/11\/01\/mauricio-macri-dijo-que-massa-tiene-una-forma-mafiosa-de-hacer-politica-y-remarco-somos-el-cambio-o-no-somos-nada-por-eso-yo-voto-milei\/"},"modified":"2023-11-01T14:55:00","modified_gmt":"2023-11-01T17:55:00","slug":"mauricio-macri-dijo-que-massa-tiene-una-forma-mafiosa-de-hacer-politica-y-remarco-somos-el-cambio-o-no-somos-nada-por-eso-yo-voto-milei","status":"publish","type":"post","link":"https:\/\/maxradio923.com.ar\/index.php\/2023\/11\/01\/mauricio-macri-dijo-que-massa-tiene-una-forma-mafiosa-de-hacer-politica-y-remarco-somos-el-cambio-o-no-somos-nada-por-eso-yo-voto-milei\/","title":{"rendered":"Mauricio Macri dijo que Massa tiene una forma &#8220;mafiosa&#8221; de hacer pol\u00edtica y remarc\u00f3: &#8220;Somos el cambio o no somos nada, por eso yo voto Milei&#8221;"},"content":{"rendered":"<p>Mauricio Macri se pone al frente de la campa\u00f1a de Milei con dur\u00edsimas cr\u00edticas a Massa: &quot;Hace pol\u00edtica mafiosa, oscura y prepotente&quot;<\/p>\n<p>Ante empresarios y dirigentes locales e internacionales, Mauricio Macri acus\u00f3 al candidato presidencial de Uni\u00f3n por la Patria, Sergio Massa, de <strong>hacer pol\u00edtica forma &quot;prepotente y mafiosa&quot; y volvi\u00f3 a darle un fuerte apoyo a Javier Milei.<\/strong><\/p>\n<p>El exmandatario expuso este mi\u00e9rcoles en el 13\u00b0 Foro de ABECEB \u201cAbre los ojos a un nuevo mundo de negocios&quot;, donde en medio de su exposici\u00f3n sobre el panorama internacional se col\u00f3 la coyuntura local.<\/p>\n<p>Macri fue consultado por qui\u00e9n ser\u00e1 el pr\u00f3ximo ganador en la segunda vuelta presidencial y volvi\u00f3 a brindar su respaldo al libertario Milei, adem\u00e1s de lanzar un duro cuestionamiento a Sergio Massa.<\/p>\n<p>&quot;Votamos tambi\u00e9n el desastre la destrucci\u00f3n de estos 15 meses, frente a esta cantidad de informaci\u00f3n que uno tiene de una forma de hacer pol\u00edtica oscura, prepotente, mafiosa y corporativa que ha atrapado a la Argentina desde hace mucho tiempo. Y lo <strong>nuevo que tiene la intencionalidad de un cambio,<\/strong> que aceptar\u00e1, como dijo, colaboraci\u00f3n de todos para llevar el cambio adelante, no tengo duda&quot;, manifest\u00f3.<\/p>\n<p>Por eso ratific\u00f3 que respaldar\u00e1 al candidato presidencial de La Libertad Avanza en el balotaje del 19 de noviembre frente a Massa: <strong>&quot;Somos el cambio o no somos nada, por eso yo voto Milei&quot;, expres\u00f3.<\/strong><\/p>\n<p>Consultado por Clar\u00edn a la salida del foro que comparti\u00f3 con su amigo y expresidente del gobierno espa\u00f1ol Mariano Rajoy, Macri dijo que lo que m\u00e1s le preocupa es la fiscalizaci\u00f3n de la segunda vuelta. &quot;Estamos trabajando duro en eso&quot;, dijo.<\/p>\n<p><img decoding=\"async\" alt=\"Bullrich y Macri ratificaron su apoyo a Milei tras la primera vuelta. Foto EFE\/ Stringer\" src=\"https:\/\/www.clarin.com\/img\/2023\/10\/26\/SupF-MgHA_720x0__1.jpg\"\/>Bullrich y Macri ratificaron su apoyo a Milei tras la primera vuelta. Foto EFE\/ Stringer<\/p>\n<p>A su lado, un colaborador dijo que el problema va a estar en si Milei y Massa tienen una diferencia de dos o tres puntos y vaticin\u00f3 <strong>una pelea electoral &quot;muy dura&quot;.<\/strong><\/p>\n<p>El exmandatario sostuvo en el foro que en la segunda vuelta <strong>hay un candidato &quot;que propone un cambio de ra\u00edz&quot; <\/strong>y que en el futuro en el Congreso de la Naci\u00f3n se &quot;podr\u00e1n equilibrar&quot; las diferencias que existen con \u00e9l.<\/p>\n<p>&quot;Es lo nuevo, lo distinto, por algo los j\u00f3venes se han sentido atra\u00eddos. <strong>No gobern\u00f3, no rob\u00f3 y no minti\u00f3&quot;<\/strong>, destac\u00f3 sobre Milei.<\/p>\n<p>Luego, Macri sostuvo que del otro lado hay<strong> &quot;una persona que tiene una larga trayectoria&quot; <\/strong>y enumer\u00f3 el paso de Massa por la Uced\u00e9, el duhaldismo, el menemismo, hasta recaer finalmente en el kirchnerismo.<\/p>\n<p><strong>&quot;Se pele\u00f3 con ellos (los K), me dijo que lo apoyara en 2013<\/strong>: &#039;Voy a terminar con el kirchnerismo, la corrupci\u00f3n, los \u00f1oquis de La C\u00e1mpora&#039;, y dur\u00f3 poco, a los diez minutos estaba aliado con ellos&quot;, sostuvo sobre el candidato de Uni\u00f3n por la Patria.<\/p>\n<p>Adem\u00e1s, <strong>lo acus\u00f3 de &quot;voltear&quot; al exministro de Econom\u00eda, Mart\u00edn Guzm\u00e1n,<\/strong> para quedarse con el poder en la Argentina y que luego de 15 meses de gesti\u00f3n &quot;tiene m\u00e1s inflaci\u00f3n que el 99% de los pa\u00edses del mundo&quot;.<\/p>\n<p>En esa l\u00ednea, enumer\u00f3 &quot;el nivel de descontrol de la econom\u00eda&quot; y lo cuestion\u00f3 por el colapso del sistema de abastecimiento de combustible, que vaticin\u00f3 se normalizar\u00e1 en tres d\u00edas y en el interior en 15.<\/p>\n<p><strong>&quot;Votar a \u00e9l es votar todo ese horror que ha condenado a Argentin<\/strong>a a casi 20 a\u00f1os de atraso, excepto los cuatro a\u00f1os nuestros&quot;, sentenci\u00f3.<\/p>\n<h2>Cr\u00edticas al populismo<\/h2>\n<p>El expresidente <strong>hizo una larga exposici\u00f3n contra el populismo <\/strong>que -seg\u00fan asegur\u00f3- &quot;se invent\u00f3 en Argentina&quot; y sostuvo que en esta tendencia pol\u00edtica siempre responsabiliza al poderoso de los problemas que genera.<\/p>\n<p>&quot;Est\u00e1 transform\u00e1ndose en otra amenaza global, ha generado que esta regi\u00f3n, donde el populismo arranc\u00f3, sea la que menos se ha desarrollado&quot;, afirm\u00f3.<\/p>\n<p>Adem\u00e1s, sostuvo que <strong>&quot;el populismo te cierra, genera un nacionalismo falso, que los de afuera son malos<\/strong>, colisionan el sistema pol\u00edtico, empresario, judicial, para que no haya competencia constructiva, como los pa\u00edses que aceptan que la evoluci\u00f3n tecnol\u00f3gica es imparable&quot;.<\/p>\n<p><em>Informe Natasha Niebieskikwiat<\/em><\/p>\n","protected":false},"excerpt":{"rendered":"<p>Mauricio Macri se pone al frente de la campa\u00f1a de Milei con dur\u00edsimas cr\u00edticas a Massa: &#8220;Hace pol\u00edtica mafiosa, oscura y prepotente&#8221;Ante empresarios y dirigentes locales e internacionales, Mauricio Macri acus\u00f3 al candidato presidencial de Uni\u00f3n por la Patria, Sergio Massa, de hacer pol\u00edtica forma &#8220;prepotente y mafiosa&#8221; y volvi\u00f3 a darle un fuerte apoyo a Javier Milei.<br \/>\nEl exmandatario expuso este mi\u00e9rcoles en el 13\u00b0 Foro de ABECEB \u201cAbre los ojos a un nuevo mundo de negocios&#8221;, donde en medio de su exposici\u00f3n sobre el panorama internacional se col\u00f3 la coyuntura local.<br \/>\nMacri fue consultado por qui\u00e9n ser\u00e1 el pr\u00f3ximo ganador en la segunda vuelta presidencial y volvi\u00f3 a brindar su respaldo al libertario Milei, adem\u00e1s de lanzar un duro cuestionamiento a Sergio Massa.<br \/>\n&#8220;Votamos tambi\u00e9n el desastre la destrucci\u00f3n de estos 15 meses, frente a esta cantidad de informaci\u00f3n que uno tiene de una forma de hacer pol\u00edtica oscura, prepotente, mafiosa y corporativa que ha atrapado a la Argentina desde hace m..<\/p>\n","protected":false},"author":2,"featured_media":10145,"comment_status":"","ping_status":"","sticky":false,"template":"","format":"standard","meta":{"footnotes":""},"categories":[7],"tags":[],"_links":{"self":[{"href":"https:\/\/maxradio923.com.ar\/index.php\/wp-json\/wp\/v2\/posts\/10144"}],"collection":[{"href":"https:\/\/maxradio923.com.ar\/index.php\/wp-json\/wp\/v2\/posts"}],"about":[{"href":"https:\/\/maxradio923.com.ar\/index.php\/wp-json\/wp\/v2\/types\/post"}],"author":[{"embeddable":true,"href":"https:\/\/maxradio923.com.ar\/index.php\/wp-json\/wp\/v2\/users\/2"}],"replies":[{"embeddable":true,"href":"https:\/\/maxradio923.com.ar\/index.php\/wp-json\/wp\/v2\/comments?post=10144"}],"version-history":[{"count":0,"href":"https:\/\/maxradio923.com.ar\/index.php\/wp-json\/wp\/v2\/posts\/10144\/revisions"}],"wp:featuredmedia":[{"embeddable":true,"href":"https:\/\/maxradio923.com.ar\/index.php\/wp-json\/wp\/v2\/media\/10145"}],"wp:attachment":[{"href":"https:\/\/maxradio923.com.ar\/index.php\/wp-json\/wp\/v2\/media?parent=10144"}],"wp:term":[{"taxonomy":"category","embeddable":true,"href":"https:\/\/maxradio923.com.ar\/index.php\/wp-json\/wp\/v2\/categories?post=10144"},{"taxonomy":"post_tag","embeddable":true,"href":"https:\/\/maxradio923.com.ar\/index.php\/wp-json\/wp\/v2\/tags?post=10144"}],"curies":[{"name":"wp","href":"https:\/\/api.w.org\/{rel}","templated":true}]}}