{"id":10084,"date":"2023-11-01T07:54:03","date_gmt":"2023-11-01T10:54:03","guid":{"rendered":"https:\/\/maxradio923.com\/index.php\/2023\/11\/01\/cataratas-del-iguazu-por-que-hay-cada-vez-mas-crecidas-y-el-dato-que-enciende-la-alerta-hasta-abril\/"},"modified":"2023-11-01T07:54:03","modified_gmt":"2023-11-01T10:54:03","slug":"cataratas-del-iguazu-por-que-hay-cada-vez-mas-crecidas-y-el-dato-que-enciende-la-alerta-hasta-abril","status":"publish","type":"post","link":"https:\/\/maxradio923.com.ar\/index.php\/2023\/11\/01\/cataratas-del-iguazu-por-que-hay-cada-vez-mas-crecidas-y-el-dato-que-enciende-la-alerta-hasta-abril\/","title":{"rendered":"Cataratas del Iguaz\u00fa: por qu\u00e9 hay cada vez m\u00e1s crecidas y el dato que enciende la alerta hasta abril"},"content":{"rendered":"<p>Cataratas del Iguaz\u00fa: por qu\u00e9 hay cada vez m\u00e1s crecidas y el dato que enciende la alerta hasta abril<\/p>\n<p>Las <strong>Cataratas del Iguaz\u00fa<\/strong> registran una crecida hist\u00f3rica y por primera vez Parques Nacionales decidi\u00f3 el cierre del recorrido por la suba del agua, que entre el domingo y lunes arras\u00f3 con 60 tramos de las pasarelas que conducen a la <strong>Garganta del Diablo<\/strong>. En las \u00faltimas horas, las autoridades evaluaban los da\u00f1os y el estado del circuito para definir la reapertura del paseo, que no ser\u00eda antes del jueves. En ese contexto, el escenario no es nada alentador de cara a los pr\u00f3ximos meses y la causa tiene que ver con el fen\u00f3meno meteorol\u00f3gico <strong>El Ni\u00f1o<\/strong>.<\/p>\n<p>Inundaciones como la registrada este fin de semana en las Cataratas podr\u00edan repetirse al menos hasta el mes de abril, fecha en que empezar\u00eda a declinar el poderoso fen\u00f3meno del Ni\u00f1o, que afecta a toda la regi\u00f3n desde hace dos meses. Hasta entonces se estima que se duplicar\u00e1n las lluvias y podr\u00edan generarse fuertes tormentas, ca\u00edda de granizo e incluso tornados.<\/p>\n<p>Precipitaciones frecuentes y <strong>superiores a los 150 mil\u00edmetros<\/strong> golpean principalmente en los estados brasile\u00f1os de Mato Grosso, Paran\u00e1, Santa Catarina y Rio Grande do Sul; adem\u00e1s de una parte de Paraguay, Argentina y Uruguay.<\/p>\n<p>El meteor\u00f3logo Favio Cabello, director de la Oficina de Prevenci\u00f3n de Desastres Naturales de Posadas, sostuvo que si se cumplen los pron\u00f3sticos, la regi\u00f3n enfrentar\u00e1 <strong>el segundo fen\u00f3meno El Ni\u00f1o m\u00e1s intenso de la historia<\/strong>. \u201cVa a desplazar al fen\u00f3meno que se registr\u00f3 en per\u00edodo 1982\/1983\u201d y que provoc\u00f3 grandes inundaciones en todo el Litoral.<\/p>\n<p>\u201cTodos los centros clim\u00e1ticos del mundo coinciden en que el fen\u00f3meno va a ser muy fuerte\u201d en la regi\u00f3n, sostuvo Cabello. \u201cSe habla de un<strong> \u00edndice 2.1 <\/strong>y el mayor registrado en nuestro pa\u00eds fue de <strong>2.4 en octubre de 1998<\/strong>\u201d.<\/p>\n<p>\u201cComo los tornados y los huracanes tienen sus escalas, los fen\u00f3menos de El Ni\u00f1o tienen un \u00edndice que nos indica su intensidad: de 0 a 0.5 es d\u00e9bil, hasta 1.5 se lo considera moderado y de m\u00e1s de 1.5 es fuerte. En estos momentos <strong>estamos en 1.6 y se estima que entre diciembre y fines de enero vamos a llegar a 2.1<\/strong>\u201d, explic\u00f3.<\/p>\n<p>\u201cHasta el oto\u00f1o vamos vamos a tener entre un <strong>100 y 200% m\u00e1s de lluvias<\/strong>. Es decir que entre noviembre y diciembre en la regi\u00f3n tendr\u00edamos unos 1.800 mil\u00edmetros de lluvia\u201d, dijo el meteor\u00f3logo, que es miembro de la Asociaci\u00f3n Internacional de Meteorolog\u00eda y experto en cambio clim\u00e1tico y gesti\u00f3n de riesgo.<\/p>\n<p>Como ejemplo, Cabello dijo que en octubre Posadas registr\u00f3 489 mil\u00edmetros de lluvias, un 120 por ciento m\u00e1s del promedio hist\u00f3rico para ese mes, convirti\u00e9ndose en <strong>el m\u00e1s lluvioso de los \u00faltimos 25 a\u00f1os<\/strong>. Este mes Misiones y las regiones circundantes sufrieron eventos meteorol\u00f3gicos severos: fuertes tormentas, granizo y lluvias muy intensas en cortos per\u00edodos. \u201cEsto se va a mantener en los pr\u00f3ximos meses. Los r\u00edos no van a bajar mucho porque se van a mantener las lluvias\u201d, insisti\u00f3.<\/p>\n<h2>Cataratas del Iguaz\u00fa: el pron\u00f3stico a corto y mediano plazo<\/h2>\n<p>Cabello sostuvo que en la regi\u00f3n son habituales las lluvias en temporada primaveral pero \u201cahora est\u00e1 potenciado por El Ni\u00f1o. Esta situaci\u00f3n se va a mantener hasta abril o mayo, bien entrado el oto\u00f1o. Y en esos meses vamos a tener tambi\u00e9n efectos torn\u00e1dicos, corrientes descendentes de vientos, tormentas destructivas y granizo\u201d.<\/p>\n<p>\u201cEntre el jueves y viernes <strong>vuelven las lluvias intensas<\/strong> en las cuencas de nuestros r\u00edos. Se estima entre 100 y 150 mil\u00edmetros pero en algunos lugares puede llegar a los 200 mil\u00edmetros\u201d, advirti\u00f3.<\/p>\n<p>El \u00faltimo Fen\u00f3meno del Ni\u00f1o en la regi\u00f3n se dio en el per\u00edodo 2015\/2016 \u201cpero fue muy moderado. Hubo algunas lluvias m\u00e1s intensas pero pas\u00f3 casi inadvertido por la gente\u201d, afirm\u00f3.<\/p>\n<p>Desde que se inici\u00f3 el fen\u00f3meno, Misiones ya padeci\u00f3 el desborde del r\u00edo Uruguay y ahora sucedi\u00f3 algo similar con el Iguaz\u00fa y el r\u00edo Paran\u00e1. La central hidroel\u00e9ctrica de Yacyret\u00e1 ya abri\u00f3 sus compuertas y empez\u00f3 a bajar el nivel del lago para intentar contener parte de la inundaci\u00f3n que baja por el Paran\u00e1.<\/p>\n<p>Si bien el nivel del r\u00edo Iguaz\u00fa comenz\u00f3 a bajar, desde el jueves la central hidroel\u00e9ctrica de Itaip\u00fa, aguas arriba de Puerto Iguaz\u00fa, <strong>comenzar\u00e1 a liberar agua<\/strong> que acumul\u00f3 a trav\u00e9s del denominado \u201csistema de espera\u201d. Y el impacto se sentir\u00e1 con fuerza en el r\u00edo Paran\u00e1.<\/p>\n<p><em>MG<\/em><\/p>\n","protected":false},"excerpt":{"rendered":"<p>Cataratas del Iguaz\u00fa: por qu\u00e9 hay cada vez m\u00e1s crecidas y el dato que enciende la alerta hasta abrilLas Cataratas del Iguaz\u00fa registran una crecida hist\u00f3rica y por primera vez Parques Nacionales decidi\u00f3 el cierre del recorrido por la suba del agua, que entre el domingo y lunes arras\u00f3 con 60 tramos de las pasarelas que conducen a la Garganta del Diablo. En las \u00faltimas horas, las autoridades evaluaban los da\u00f1os y el estado del circuito para definir la reapertura del paseo, que no ser\u00eda antes del jueves. En ese contexto, el escenario no es nada alentador de cara a los pr\u00f3ximos meses y la causa tiene que ver con el fen\u00f3meno meteorol\u00f3gico El Ni\u00f1o.<br \/>\nInundaciones como la registrada este fin de semana en las Cataratas podr\u00edan repetirse al menos hasta el mes de abril, fecha en que empezar\u00eda a declinar el poderoso fen\u00f3meno del Ni\u00f1o, que afecta a toda la regi\u00f3n desde hace dos meses. Hasta entonces se estima que se duplicar\u00e1n las lluvias y podr\u00edan generarse fuertes tormentas, ca\u00edda de granizo e incl..<\/p>\n","protected":false},"author":2,"featured_media":10085,"comment_status":"","ping_status":"","sticky":false,"template":"","format":"standard","meta":{"footnotes":""},"categories":[9],"tags":[],"_links":{"self":[{"href":"https:\/\/maxradio923.com.ar\/index.php\/wp-json\/wp\/v2\/posts\/10084"}],"collection":[{"href":"https:\/\/maxradio923.com.ar\/index.php\/wp-json\/wp\/v2\/posts"}],"about":[{"href":"https:\/\/maxradio923.com.ar\/index.php\/wp-json\/wp\/v2\/types\/post"}],"author":[{"embeddable":true,"href":"https:\/\/maxradio923.com.ar\/index.php\/wp-json\/wp\/v2\/users\/2"}],"replies":[{"embeddable":true,"href":"https:\/\/maxradio923.com.ar\/index.php\/wp-json\/wp\/v2\/comments?post=10084"}],"version-history":[{"count":0,"href":"https:\/\/maxradio923.com.ar\/index.php\/wp-json\/wp\/v2\/posts\/10084\/revisions"}],"wp:featuredmedia":[{"embeddable":true,"href":"https:\/\/maxradio923.com.ar\/index.php\/wp-json\/wp\/v2\/media\/10085"}],"wp:attachment":[{"href":"https:\/\/maxradio923.com.ar\/index.php\/wp-json\/wp\/v2\/media?parent=10084"}],"wp:term":[{"taxonomy":"category","embeddable":true,"href":"https:\/\/maxradio923.com.ar\/index.php\/wp-json\/wp\/v2\/categories?post=10084"},{"taxonomy":"post_tag","embeddable":true,"href":"https:\/\/maxradio923.com.ar\/index.php\/wp-json\/wp\/v2\/tags?post=10084"}],"curies":[{"name":"wp","href":"https:\/\/api.w.org\/{rel}","templated":true}]}}