{"id":10044,"date":"2023-11-01T00:34:09","date_gmt":"2023-11-01T03:34:09","guid":{"rendered":"https:\/\/maxradio923.com\/index.php\/2023\/11\/01\/la-guerra-con-hamas-bolivia-rompio-relaciones-diplomaticas-con-israel\/"},"modified":"2023-11-01T00:34:09","modified_gmt":"2023-11-01T03:34:09","slug":"la-guerra-con-hamas-bolivia-rompio-relaciones-diplomaticas-con-israel","status":"publish","type":"post","link":"https:\/\/maxradio923.com.ar\/index.php\/2023\/11\/01\/la-guerra-con-hamas-bolivia-rompio-relaciones-diplomaticas-con-israel\/","title":{"rendered":"La guerra con Hamas: Bolivia rompi\u00f3 relaciones diplom\u00e1ticas con Israel"},"content":{"rendered":"<p>La guerra con Hamas: Bolivia rompi\u00f3 relaciones diplom\u00e1ticas con Israel<\/p>\n<p>Bolivia anunci\u00f3 este martes que <strong>rompe relaciones diplom\u00e1ticas<\/strong> con Israel a ra\u00edz de lo que considera una &quot;agresiva y desproporcionada ofensiva militar&quot; contra la poblaci\u00f3n de la Franja de Gaza.<\/p>\n<p>En un comunicado, el vicecanciller, Freddy Mamani Machaca, indic\u00f3 que el Gobierno &quot;ha tomado la determinaci\u00f3n de romper relaciones diplom\u00e1ticas con el Estado de Israel en repudio y condena a la agresiva y desproporcionada ofensiva militar israel\u00ed que se realiza en la Franja de Gaza&quot;.<\/p>\n<p>El presidente Luis Arce se reuni\u00f3 el lunes con embajador de Palestina, Mahmoud Elalwani, oportunidad en la que hizo conocer <strong>el rechazo a lo que ocurre en la Franja de Gaza.<\/strong><\/p>\n<p>En la ma\u00f1ana del 7 de octubre, Israel sufri\u00f3 un ataque con cohetes desde la Franja de Gaza, llevado a cabo por Hamas, que provoc\u00f3 m\u00e1s de 1.400 israel\u00edes muertos, seg\u00fan inform\u00f3 el gobierno israel\u00ed.<\/p>\n<p><img decoding=\"async\" alt=\"El viceministro de Relaciones Exteriores de Bolivia, Freddy Mamani (R), habla junto a la ministra de la presidencia Mar\u00eda Nela Prada. Foto AFP\" src=\"https:\/\/www.clarin.com\/img\/2023\/10\/31\/m7DUfANEa_720x0__1.jpg\"\/>El viceministro de Relaciones Exteriores de Bolivia, Freddy Mamani (R), habla junto a la ministra de la presidencia Mar\u00eda Nela Prada. Foto AFP<\/p>\n<p>Como respuesta, Israel declar\u00f3 el estado de guerra. En pocos d\u00edas, el Ej\u00e9rcito tom\u00f3 el control de todas las zonas pobladas cercanas a la frontera con Gaza y llev\u00f3 a cabo bombardeos contra objetivos del enclave, incluidos civiles.<\/p>\n<p>El Ministerio de Salud de Gaza asegura que <strong>cerca de 8.000 personas han muerto<\/strong> como consecuencia de estos ataques.<\/p>\n<p>&quot;Estamos remitiendo esta comunicaci\u00f3n oficial al Estado de Israel, en la cual hacemos conocer nuestra decisi\u00f3n (&#8230;) de romper relaciones diplom\u00e1ticas&quot;, sostuvo la ministra de la presidencia, Mar\u00eda Nela Prada, durante la misma conferencia.<\/p>\n<p><strong>Igualmente, &quot;exigimos el cese de los ataques&quot; <\/strong>en la Franja de Gaza &quot;que ya han provocado hasta ahora miles de v\u00edctimas fatales civiles y el desplazamiento forzado de palestinos&quot;, remarc\u00f3.<\/p>\n<p>El gobierno anunci\u00f3 adem\u00e1s elenv\u00edo de ayuda humanitaria a la Franja de Gaza.<\/p>\n<p>En su declaraci\u00f3n, las autoridades no mencionaron la violenta incursi\u00f3n de Ham\u00e1s, en la que tambi\u00e9n fueron tomados como rehenes 240 personas, entre ellos numerosos extranjeros, seg\u00fan las autoridades israel\u00edes.<\/p>\n<p><strong>Ning\u00fan boliviano aparece en la lista.<\/strong><\/p>\n<p>Este mismo martes Ham\u00e1s, en un comunicado, salud\u00f3 el anuncio de Bolivia expresando su &quot;gran estima&quot; por la decisi\u00f3n que tom\u00f3 frente al gobierno del primer ministro israel\u00ed, Benjamin Netanyahu, e inst\u00f3 &quot;a los pa\u00edses \u00e1rabes que han normalizado sus relaciones&quot; con Israel a hacer lo propio.<\/p>\n<p>El gobierno israel\u00ed no se ha pronunciado de momento.<\/p>\n<p>En el pasado Bolivia ya hab\u00eda roto las relaciones diplom\u00e1ticas con Israel, que datan desde 1969.<\/p>\n<p>En 2009 el gobierno del l\u00edder ind\u00edgena Evo Morales &#8211; exaliado de Arce &#8211; t<strong>om\u00f3 la misma determinaci\u00f3n por una ataque israel\u00ed en la Franja de Gaza.<\/strong><\/p>\n<p>Bolivia retom\u00f3 las relaciones una d\u00e9cada despu\u00e9s por orden de la mandataria derechista Jeanine \u00c1\u00f1ez, quien sustituy\u00f3 a Morales en el poder en medio de una severa crisis interna.<\/p>\n<p>Durante su declaraci\u00f3n de este martes, Prada -que habl\u00f3 en calidad de canciller encargada- <strong>dijo que el gobierno &quot;comparte&quot; la condena del secretario general de la ONU<\/strong>, Antonio Guterres, frente a la situaci\u00f3n en Gaza.<\/p>\n<p>&quot;Al mismo tiempo llamamos al di\u00e1logo y soluciones estructurales que respeten la vida, para evitar una mayor escalada en el conflicto&quot;, a\u00f1adi\u00f3.<\/p>\n<p><em>Fuente: EFE<\/em><\/p>\n<p><em>PB<\/em><\/p>\n","protected":false},"excerpt":{"rendered":"<p>La guerra con Hamas: Bolivia rompi\u00f3 relaciones diplom\u00e1ticas con IsraelBolivia anunci\u00f3 este martes que rompe relaciones diplom\u00e1ticas con Israel a ra\u00edz de lo que considera una &#8220;agresiva y desproporcionada ofensiva militar&#8221; contra la poblaci\u00f3n de la Franja de Gaza.<br \/>\nEn un comunicado, el vicecanciller, Freddy Mamani Machaca, indic\u00f3 que el Gobierno &#8220;ha tomado la determinaci\u00f3n de romper relaciones diplom\u00e1ticas con el Estado de Israel en repudio y condena a la agresiva y desproporcionada ofensiva militar israel\u00ed que se realiza en la Franja de Gaza&#8221;.<br \/>\nEl presidente Luis Arce se reuni\u00f3 el lunes con embajador de Palestina, Mahmoud Elalwani, oportunidad en la que hizo conocer el rechazo a lo que ocurre en la Franja de Gaza.<br \/>\nEn la ma\u00f1ana del 7 de octubre, Israel sufri\u00f3 un ataque con cohetes desde la Franja de Gaza, llevado a cabo por Hamas, que provoc\u00f3 m\u00e1s de 1.400 israel\u00edes muertos, seg\u00fan inform\u00f3 el gobierno israel\u00ed.<br \/>\nEl viceministro de Relaciones Exteriores de Bolivia, Freddy Mamani (R), habla junt..<\/p>\n","protected":false},"author":2,"featured_media":10045,"comment_status":"","ping_status":"","sticky":false,"template":"","format":"standard","meta":{"footnotes":""},"categories":[3],"tags":[],"_links":{"self":[{"href":"https:\/\/maxradio923.com.ar\/index.php\/wp-json\/wp\/v2\/posts\/10044"}],"collection":[{"href":"https:\/\/maxradio923.com.ar\/index.php\/wp-json\/wp\/v2\/posts"}],"about":[{"href":"https:\/\/maxradio923.com.ar\/index.php\/wp-json\/wp\/v2\/types\/post"}],"author":[{"embeddable":true,"href":"https:\/\/maxradio923.com.ar\/index.php\/wp-json\/wp\/v2\/users\/2"}],"replies":[{"embeddable":true,"href":"https:\/\/maxradio923.com.ar\/index.php\/wp-json\/wp\/v2\/comments?post=10044"}],"version-history":[{"count":0,"href":"https:\/\/maxradio923.com.ar\/index.php\/wp-json\/wp\/v2\/posts\/10044\/revisions"}],"wp:featuredmedia":[{"embeddable":true,"href":"https:\/\/maxradio923.com.ar\/index.php\/wp-json\/wp\/v2\/media\/10045"}],"wp:attachment":[{"href":"https:\/\/maxradio923.com.ar\/index.php\/wp-json\/wp\/v2\/media?parent=10044"}],"wp:term":[{"taxonomy":"category","embeddable":true,"href":"https:\/\/maxradio923.com.ar\/index.php\/wp-json\/wp\/v2\/categories?post=10044"},{"taxonomy":"post_tag","embeddable":true,"href":"https:\/\/maxradio923.com.ar\/index.php\/wp-json\/wp\/v2\/tags?post=10044"}],"curies":[{"name":"wp","href":"https:\/\/api.w.org\/{rel}","templated":true}]}}