{"id":10034,"date":"2023-10-31T23:44:43","date_gmt":"2023-11-01T02:44:43","guid":{"rendered":"https:\/\/maxradio923.com\/index.php\/2023\/10\/31\/cruces-y-recelos-cerca-de-milei-por-el-arribo-de-los-equipos-de-macri-a-la-campana-libertaria\/"},"modified":"2023-10-31T23:44:43","modified_gmt":"2023-11-01T02:44:43","slug":"cruces-y-recelos-cerca-de-milei-por-el-arribo-de-los-equipos-de-macri-a-la-campana-libertaria","status":"publish","type":"post","link":"https:\/\/maxradio923.com.ar\/index.php\/2023\/10\/31\/cruces-y-recelos-cerca-de-milei-por-el-arribo-de-los-equipos-de-macri-a-la-campana-libertaria\/","title":{"rendered":"Cruces y recelos cerca de Milei por el arribo de los equipos de Macri a la campa\u00f1a libertaria"},"content":{"rendered":"<p>Cruces y recelos cerca de Milei por el arribo de los equipos de Macri a la campa\u00f1a libertaria<\/p>\n<p>El orden comunicacional como factor clave para minimizar errores de cara al balotaje trajo un <strong>fuerte ruido interno<\/strong> en La Libertad Avanza, sobre todo en el equipo de asesores econ\u00f3micos, a quienes tampoco parece haberles gustado el <strong>coqueteo de Javier Milei<\/strong> con ex funcionarios de Mauricio Macri, tras el acuerdo que el candidato sell\u00f3 con el ex presidente y Patricia Bullrich.<\/p>\n<p>Como cont\u00f3 Clar\u00edn, despu\u00e9s el resultado de la elecci\u00f3n general -en la que Milei cay\u00f3 del primer puesto al segundo- y tras analizar el impacto que hab\u00edan tenido propuestas como la de la renuncia a la paternidad de Lilia Lemoine o la de romper relaciones con el Vaticano de Alberto Benegas Lynch padre, los liberales decidieron que <strong>solo haya cuatro voceros del espacio<\/strong>.<\/p>\n<p>Adem\u00e1s del propio Milei, eligieron a su candidata a vice Victoria Villarruel, la economista Diana Mondino y el nexo pol\u00edtico Guillermo Francos. Todos con <strong>un estilo m\u00e1s moderados en las formas y alineados al discurso<\/strong> del ri\u00f1\u00f3n m\u00e1s cercano a Milei. En otras palabras, buscaron ponerle <strong>un freno a los exabruptos y a las ideas de los &quot;librepensadores&quot;.<\/strong><\/p>\n<p>Pero hasta las redes personales no llega la capacidad de control y ah\u00ed <strong>Carlos Rodr\u00edguez<\/strong>, el ex funcionario de Menem que el libertario design\u00f3 como titular de su consejo de asesores, <strong>denunci\u00f3 que no lo dejaban hablar<\/strong>.<\/p>\n<p>&quot;A alguien del equipo de comunicaciones de LLA se le ocurri\u00f3 pensar que como comunicador de econom\u00eda Milei puede haber llegado a su techo y que los dos comunicadores exclusivos designados (yo estoy bloquedo,<strong> igual que Dar\u00edo Epstein o Roque Fern\u00e1ndez<\/strong>) son Diana y Francos, cuyo campo es Relaciones Exteriores e Interior, dos temas que al votante NO le interesan. Un Ministro de Econom\u00eda podr\u00eda subir el techo si dice cosas nuevas e interesantes y que no asusten&quot;, consider\u00f3 Rodr\u00edguez d\u00edas atr\u00e1s.<\/p>\n<p>Su sugerencia se produjo despu\u00e9s del pacto sellado entre Macri y Milei y los elogios del libertario a ex funcionarios del PRO. En ese sentido, plante\u00f3: &quot;La enorme mayor\u00eda de la gente que me consulta piensa <strong>que Javier NO tiene equipo de econom\u00eda y que se lo va a poner Macri m\u00e1s adelante<\/strong>. Ser\u00eda muy malo llegar al ballotage con esa imagen&quot;.<\/p>\n<p>De los ocho ministerios que pretende tener Milei si llega a la Rosada a\u00fan no le puso nombre a cuatro que son clave, entre ellos a Econom\u00eda y Seguridad.<\/p>\n<p>Mientras tanto, el otro asesor <strong>Dar\u00edo Epstein<\/strong> uso las redes para contraponer a Patricia Bullrich que hab\u00eda declarado que &quot;ojal\u00e1 que la econom\u00eda estalle antes del 19 de noviembre&quot;.<\/p>\n<p>&quot;Si explota la econom\u00eda la pobreza estructural va a escalar a niveles desastrosos. Mi deseo: que no explote y se puedan ir acomodando los tantos con la nueva administraci\u00f3n y expectativas positivas&quot;, se\u00f1al\u00f3, aunque despu\u00e9s se encarg\u00f3 de aclarar que no quiso cruzar a Bullrich. <\/p>\n<p>&quot;Le tengo mucho respeto a ella y a sus ideas. Expres\u00e9 una opini\u00f3n desde lo t\u00e9cnico, pensando en como yo considero que ser\u00eda mas f\u00e1cil enfrentar lo que se viene&quot;, se\u00f1al\u00f3.<\/p>\n<p>Otros que supieron ser voceros asiduos en los medios, como <strong>Ramiro Marra y Agust\u00edn Romo, tambi\u00e9n est\u00e1n con bajo perfil.<\/strong> Sin embargo, ellos se encargaron de negar que les proh\u00edban hablar. Ambos forman parte del entorno de Milei y dicen acompa\u00f1ar la estrategia de la nueva etapa de campa\u00f1a. Incluso cerca de Marra se\u00f1alan que ahora que termin\u00f3 la campa\u00f1a porte\u00f1a est\u00e1 ocupado en otras tareas.<\/p>\n<p>En tanto, Milei <strong>env\u00eda cartas por whatsapp<\/strong> y publica casi a diario <strong>mensajes en redes<\/strong> que son replicados por sus candidatos. Este martes hizo una publicaci\u00f3n contra su opositor Sergio Massa, ilustrada con un dibujo del ministro como si fuera el dictador chino Mao Tse-Tung.<\/p>\n<p>Los cortocircuitos por la pata comunicacional se suman a las tensiones y operativos de contenci\u00f3n que en LLA debieron afrontar post elecci\u00f3n para evitar fugas de legisladores electos sobre todo provinciales.<\/p>\n","protected":false},"excerpt":{"rendered":"<p>Cruces y recelos cerca de Milei por el arribo de los equipos de Macri a la campa\u00f1a libertariaEl orden comunicacional como factor clave para minimizar errores de cara al balotaje trajo un fuerte ruido interno en La Libertad Avanza, sobre todo en el equipo de asesores econ\u00f3micos, a quienes tampoco parece haberles gustado el coqueteo de Javier Milei con ex funcionarios de Mauricio Macri, tras el acuerdo que el candidato sell\u00f3 con el ex presidente y Patricia Bullrich.<br \/>\nComo cont\u00f3 Clar\u00edn, despu\u00e9s el resultado de la elecci\u00f3n general -en la que Milei cay\u00f3 del primer puesto al segundo- y tras analizar el impacto que hab\u00edan tenido propuestas como la de la renuncia a la paternidad de Lilia Lemoine o la de romper relaciones con el Vaticano de Alberto Benegas Lynch padre, los liberales decidieron que solo haya cuatro voceros del espacio.<br \/>\nAdem\u00e1s del propio Milei, eligieron a su candidata a vice Victoria Villarruel, la economista Diana Mondino y el nexo pol\u00edtico Guillermo Francos. Todos con un estilo..<\/p>\n","protected":false},"author":2,"featured_media":10035,"comment_status":"","ping_status":"","sticky":false,"template":"","format":"standard","meta":{"footnotes":""},"categories":[7],"tags":[],"_links":{"self":[{"href":"https:\/\/maxradio923.com.ar\/index.php\/wp-json\/wp\/v2\/posts\/10034"}],"collection":[{"href":"https:\/\/maxradio923.com.ar\/index.php\/wp-json\/wp\/v2\/posts"}],"about":[{"href":"https:\/\/maxradio923.com.ar\/index.php\/wp-json\/wp\/v2\/types\/post"}],"author":[{"embeddable":true,"href":"https:\/\/maxradio923.com.ar\/index.php\/wp-json\/wp\/v2\/users\/2"}],"replies":[{"embeddable":true,"href":"https:\/\/maxradio923.com.ar\/index.php\/wp-json\/wp\/v2\/comments?post=10034"}],"version-history":[{"count":0,"href":"https:\/\/maxradio923.com.ar\/index.php\/wp-json\/wp\/v2\/posts\/10034\/revisions"}],"wp:featuredmedia":[{"embeddable":true,"href":"https:\/\/maxradio923.com.ar\/index.php\/wp-json\/wp\/v2\/media\/10035"}],"wp:attachment":[{"href":"https:\/\/maxradio923.com.ar\/index.php\/wp-json\/wp\/v2\/media?parent=10034"}],"wp:term":[{"taxonomy":"category","embeddable":true,"href":"https:\/\/maxradio923.com.ar\/index.php\/wp-json\/wp\/v2\/categories?post=10034"},{"taxonomy":"post_tag","embeddable":true,"href":"https:\/\/maxradio923.com.ar\/index.php\/wp-json\/wp\/v2\/tags?post=10034"}],"curies":[{"name":"wp","href":"https:\/\/api.w.org\/{rel}","templated":true}]}}