{"id":10030,"date":"2023-10-31T22:04:01","date_gmt":"2023-11-01T01:04:01","guid":{"rendered":"https:\/\/maxradio923.com\/index.php\/2023\/10\/31\/sergio-massa-anuncio-que-reconvierte-los-planes-sociales-en-programas-de-inclusion-laboral-pero-que-se-aplicara-en-el-proximo-gobierno\/"},"modified":"2023-10-31T22:04:01","modified_gmt":"2023-11-01T01:04:01","slug":"sergio-massa-anuncio-que-reconvierte-los-planes-sociales-en-programas-de-inclusion-laboral-pero-que-se-aplicara-en-el-proximo-gobierno","status":"publish","type":"post","link":"https:\/\/maxradio923.com.ar\/index.php\/2023\/10\/31\/sergio-massa-anuncio-que-reconvierte-los-planes-sociales-en-programas-de-inclusion-laboral-pero-que-se-aplicara-en-el-proximo-gobierno\/","title":{"rendered":"Sergio Massa anunci\u00f3 que reconvierte los planes sociales en &#8220;programas de inclusi\u00f3n laboral&#8221; pero que se aplicar\u00e1 en el pr\u00f3ximo Gobierno"},"content":{"rendered":"<p>Sergio Massa anunci\u00f3 que reconvierte los planes sociales en &quot;programas de inclusi\u00f3n laboral&quot; pero que se aplicar\u00e1 en el pr\u00f3ximo Gobierno<\/p>\n<p>En un mensaje grabado en el Ministerio de Econom\u00eda, Sergio Massa anunci\u00f3 que har\u00e1 publicar en el Bolet\u00edn Oficial un cambio para los <strong>planes sociales<\/strong>. Dijo que ser\u00e1n <strong>reconvertidos en &quot;programas de inclusi\u00f3n laboral<\/strong>&quot;, pero no en su gesti\u00f3n garantizada: la norma entrar\u00e1 en vigencia el 1\u00b0 de enero del 2024, es decir, con un nuevo presidente.<\/p>\n<p>Como ministro de Econom\u00eda, plante\u00f3 que ese cambio en la l\u00f3gica de los planes sociales era un debate de larga data. Y ahora, en la recta final hacia el balotaje en el que compite con Javier Milei, lo transform\u00f3 en una <strong>medida posdatada<\/strong>. <\/p>\n<p>La reconversi\u00f3n anunciada, seg\u00fan Massa, busca <strong>atar a los planes sociales al trabajo<\/strong>, un reclamo generalizado ante la expansi\u00f3n del recurso asistencialista, en plena campa\u00f1a proselitista.<\/p>\n<p>El anuncio no puede leerse sin el contexto electoral que el propio Massa enfrenta y en el que ha recurrido a planes platita y beneficios varios para paliar la crisis econ\u00f3mica desde su propia devaluaci\u00f3n. Esta \u00faltima novedad se da <strong>a 19 d\u00edas de que se elija nuevo presidente<\/strong>, cargo por el que compite con Milei, que impulsa, al menos, una agenda menos asistencialista. <\/p>\n<p>En los hechos, pareci\u00f3 que el ministro se oficializ\u00f3 en papeles y a s\u00ed mismo una promesa electoral que deber\u00e1 cumplir si gana las elecciones. Tan curioso fue el mensaje que fue centralizado por Massa y<strong> no incluy\u00f3 a la ministra de Desarrollo Social vigente, Victoria Tolosa Paz<\/strong>.<\/p>\n<p>Seg\u00fan el ministro -y siempre reci\u00e9n el a\u00f1o que viene- los beneficiarios deber\u00e1n recibir &quot;<strong>capacitaci\u00f3n laboral obligatoria<\/strong>&quot;, realizar una &quot;inscripci\u00f3n en las bolsas de empleo&quot; de sus localidades y el sistema contar\u00e1 con <strong>&quot;control de contraprestaci\u00f3n&quot;<\/strong>.<\/p>\n<p>En un video que poste\u00f3 en Twitter tras su anuncio, Massa habl\u00f3 de que la medida ser\u00e1 <strong>por decreto<\/strong> y habl\u00f3 del universo m\u00e1s acotado  de &quot;programas sociales<strong> Potenciar<\/strong>&quot;.<\/p>\n<h2>Qu\u00e9 dijo Sergio Massa y qu\u00e9 no explic\u00f3 en su anuncio posdatado para el pr\u00f3ximo Gobierno<\/h2>\n<p>\u201cQueremos <strong>que las personas beneficiarias de programas sociales dejen de serlo<\/strong> para ser beneficiarias de programas de inclusi\u00f3n laboral. A partir del 1\u00b0 de enero los programas sociales pasan al programa de inclusi\u00f3n laboral\u201d, inform\u00f3 Massa en un breve mensaje transmitido por sus redes sociales.<\/p>\n<p>El candidato a presidente de Uni\u00f3n por la Patria brind\u00f3<strong> pocos detalles<\/strong> de los cambios que se introducir\u00e1n a partir de enero. \u201cVan a tener <strong>capacitaci\u00f3n laboral obligatoria, <\/strong>inscripci\u00f3n en las bolsas de empleo de cada una de las ciudades y de cada una de las gerencias de empleo\u201d, acot\u00f3.<\/p>\n<p>A\u00f1adi\u00f3 adem\u00e1s que habr\u00e1<strong> \u201ccontrol de contraprestaci\u00f3n&quot; <\/strong>tanto en \u201clas unidades ejecutoras de desarrollo de programas productivo y en las <strong>actividades que desarrollen en provincias, municipios o empresas<\/strong>\u201d.<\/p>\n<p>En tanto, anunci\u00f3 que consolidar\u00e1n el <strong>programa Puente al empleo<\/strong>. \u201cAquel que hoy tenga un programa social y pase a trabajar en una empresa va a mantener el beneficio durante un a\u00f1o y el empleador que lo tome va a tener que <strong>completar el salario de convenio<\/strong>\u201d, explic\u00f3 sobre este plan que s\u00ed vigente en la actualidad.<\/p>\n<p>\u201cPara incentivar que los empleadores tomen a estos beneficiarios de programa <strong>no van a pagar cargas sociales durante dos a\u00f1os<\/strong> de estos trabajadores\u201d, subray\u00f3 como alivio para los empresarios.<\/p>\n<p>El ministro y candidato oficialista tambi\u00e9n anunci\u00f3 <strong>un cambio en las pensiones por discapacidad,<\/strong> -que s\u00ed entra en vigencia en su gesti\u00f3n- dejar\u00e1n de suspenderse cuando un beneficiario consigue trabajo formal.<\/p>\n<p>&quot;Desde ma\u00f1ana (mi\u00e9rcoles) las <strong>personas con discapacidad<\/strong>, beneficiarias de la pensi\u00f3n, que <strong>entren al mercado de trabajo<\/strong> no van a perder <strong>ni a ver suspendida su pensi\u00f3n<\/strong>&quot;, anunci\u00f3.<\/p>\n<p>Por el contrario, aclar\u00f3, podr\u00e1n &quot;integrar la pensi\u00f3n a su ingreso en el mercado de trabajo&quot;. Esa norma tambi\u00e9n se publicar\u00e1 en el Bolet\u00edn Oficial, se presume, con los detalles que el anuncio omiti\u00f3 en las formas de integraci\u00f3n planteadas.<\/p>\n<p><em>DS<\/em><\/p>\n","protected":false},"excerpt":{"rendered":"<p>Sergio Massa anunci\u00f3 que reconvierte los planes sociales en &#8220;programas de inclusi\u00f3n laboral&#8221; pero que se aplicar\u00e1 en el pr\u00f3ximo GobiernoEn un mensaje grabado en el Ministerio de Econom\u00eda, Sergio Massa anunci\u00f3 que har\u00e1 publicar en el Bolet\u00edn Oficial un cambio para los planes sociales. Dijo que ser\u00e1n reconvertidos en &#8220;programas de inclusi\u00f3n laboral&#8221;, pero no en su gesti\u00f3n garantizada: la norma entrar\u00e1 en vigencia el 1\u00b0 de enero del 2024, es decir, con un nuevo presidente.<br \/>\nComo ministro de Econom\u00eda, plante\u00f3 que ese cambio en la l\u00f3gica de los planes sociales era un debate de larga data. Y ahora, en la recta final hacia el balotaje en el que compite con Javier Milei, lo transform\u00f3 en una medida posdatada.<br \/>\nLa reconversi\u00f3n anunciada, seg\u00fan Massa, busca atar a los planes sociales al trabajo, un reclamo generalizado ante la expansi\u00f3n del recurso asistencialista, en plena campa\u00f1a proselitista.<br \/>\nEl anuncio no puede leerse sin el contexto electoral que el propio Massa enfrenta y en el que ha recur..<\/p>\n","protected":false},"author":2,"featured_media":10031,"comment_status":"","ping_status":"","sticky":false,"template":"","format":"standard","meta":{"footnotes":""},"categories":[2],"tags":[],"_links":{"self":[{"href":"https:\/\/maxradio923.com.ar\/index.php\/wp-json\/wp\/v2\/posts\/10030"}],"collection":[{"href":"https:\/\/maxradio923.com.ar\/index.php\/wp-json\/wp\/v2\/posts"}],"about":[{"href":"https:\/\/maxradio923.com.ar\/index.php\/wp-json\/wp\/v2\/types\/post"}],"author":[{"embeddable":true,"href":"https:\/\/maxradio923.com.ar\/index.php\/wp-json\/wp\/v2\/users\/2"}],"replies":[{"embeddable":true,"href":"https:\/\/maxradio923.com.ar\/index.php\/wp-json\/wp\/v2\/comments?post=10030"}],"version-history":[{"count":0,"href":"https:\/\/maxradio923.com.ar\/index.php\/wp-json\/wp\/v2\/posts\/10030\/revisions"}],"wp:featuredmedia":[{"embeddable":true,"href":"https:\/\/maxradio923.com.ar\/index.php\/wp-json\/wp\/v2\/media\/10031"}],"wp:attachment":[{"href":"https:\/\/maxradio923.com.ar\/index.php\/wp-json\/wp\/v2\/media?parent=10030"}],"wp:term":[{"taxonomy":"category","embeddable":true,"href":"https:\/\/maxradio923.com.ar\/index.php\/wp-json\/wp\/v2\/categories?post=10030"},{"taxonomy":"post_tag","embeddable":true,"href":"https:\/\/maxradio923.com.ar\/index.php\/wp-json\/wp\/v2\/tags?post=10030"}],"curies":[{"name":"wp","href":"https:\/\/api.w.org\/{rel}","templated":true}]}}