{"id":10028,"date":"2023-10-31T21:44:14","date_gmt":"2023-11-01T00:44:14","guid":{"rendered":"https:\/\/maxradio923.com\/index.php\/2023\/10\/31\/machetes-atriles-y-camaras-los-cambios-por-los-que-pujan-massa-y-milei-para-el-nuevo-debate\/"},"modified":"2023-10-31T21:44:14","modified_gmt":"2023-11-01T00:44:14","slug":"machetes-atriles-y-camaras-los-cambios-por-los-que-pujan-massa-y-milei-para-el-nuevo-debate","status":"publish","type":"post","link":"https:\/\/maxradio923.com.ar\/index.php\/2023\/10\/31\/machetes-atriles-y-camaras-los-cambios-por-los-que-pujan-massa-y-milei-para-el-nuevo-debate\/","title":{"rendered":"Machetes, atriles y c\u00e1maras: los cambios por los que pujan Massa y Milei para el nuevo debate"},"content":{"rendered":"<p>Machetes, atriles y c\u00e1maras: los cambios por los que pujan Massa y Milei para el nuevo debate<\/p>\n<p>Antes de medirse en las urnas, <strong>Sergio Massa<\/strong> y<strong> Javier Milei<\/strong> se enfrentar\u00e1n cara a cara en un nuevo <strong>debate presidencial, previsto para el domingo 12 de noviembre<\/strong>. Este mi\u00e9rcoles la C\u00e1mara Nacional Electoral (CNE) sortea el orden de temas y oradores y los jueces definir\u00e1n las cuestiones en las que los candidatos no lograron ponerse de acuerdo: si pueden tener <strong>&quot;ayudamemoria&quot; y cu\u00e1ntos planos y c\u00e1maras habr\u00e1<\/strong>.<\/p>\n<p>El esquema de debate de cara al balotaje ser\u00e1 diferente a los anteriores. La CNE propuso un modelo similar al de Ignacio Lula Da Silva y Jair Bolsonaro en Brasil, con menos restricciones, m\u00e1s cruces directos e incluso la posibilidad de salir de atr\u00e1s del atril y moverse libremente por el escenario.<\/p>\n<p>El lunes, los equipos de los candidatos tuvieron el primer encuentro. Por el lado de Massa fueron el jefe de comunicaci\u00f3n Santiago Garc\u00eda V\u00e1zquez y el vicejefe de Gabinete, Juan Manuel Olmos. En representaci\u00f3n de Milei acudieron su hermana Karina y el asesor de confianza, Santiago Caputo. <\/p>\n<p>En lo que respecta a la organizaci\u00f3n del debate, el grueso de los temas fluyeron sin conflicto. Al ser solo dos candidatos, <strong>la discusi\u00f3n estar\u00e1 menos limitada.<\/strong> Los candidatos tendr\u00e1n 6 minutos por bloque tem\u00e1tico que podr\u00e1n utilizar como prefieran, aunque no podr\u00e1n extenderse de corrido por m\u00e1s de 2 minutos. Esto significar\u00e1 <strong>mayor grado de cruces entre candidatos<\/strong> y mayor intervenci\u00f3n de los moderadores para encauzar el debate.<\/p>\n<p>Este mi\u00e9rcoles a las 11 la CNE har\u00e1 el sorteo para definir c\u00f3mo se van a ubicar y qui\u00e9n arrancar\u00e1 con la disertaci\u00f3n en cada tramo.<\/p>\n<p>Pero adem\u00e1s, se espera que los jueces definan <strong>dos temas sobre los que no hubo acuerdo<\/strong>. Si bien en las ediciones anteriores se hab\u00eda prohibido mostrar papeles o gr\u00e1ficos, en esta ocasi\u00f3n en el oficialismo est\u00e1n pidiendo que directamente<strong> los candidatos no tengan ning\u00fan papel sobre la mesa<\/strong>, ni siquiera ayudamemoria o lapicera para hacer apuntes.<\/p>\n<p>Aseguran que se &quot;pierde la naturalidad&quot; y que ya lo hab\u00edan  planteado las otras veces pero como la mayor\u00eda no quer\u00eda lo aceptaron. Ahora que es paridad, y solo son dos, insistieron. Incluso se\u00f1alaron que en el \u00faltimo debate Milei ley\u00f3 gran parte y que eso no era &quot;espont\u00e1neo&quot;. <\/p>\n<p>En el equipo del libertario adujeron que en todo caso eso ser\u00eda un problema de Milei y retrucaron que &quot;recitar de memoria&quot; lo que les dicta su asesor catal\u00e1n tampoco es espont\u00e1neo.<\/p>\n<p>La <strong>\u00faltima palabra la tienen los magistrados <\/strong>Alberto Ricardo Dalla Via, Santiago Corcuera y Daniel Bejas.<\/p>\n<p>La otra cuesti\u00f3n ser\u00e1 <strong>si pueden caminar por fuera del escenario<\/strong> c\u00f3mo ser\u00e1n los planos y c\u00e1maras. Los massistas quieren el mayor despliegue, los mileistas desconf\u00edan y creen que buscan generar distracciones o armar una puesta en escena.<\/p>\n<p>Los temas ser\u00e1n los mismos que en las dos ediciones de debate anteriores, aunque tambi\u00e9n <strong>se sum\u00f3 salud<\/strong> al combo con educaci\u00f3n. Adem\u00e1s hablar\u00e1n de econom\u00eda, seguridad, trabajo y producci\u00f3n, desarrollo humano, vivienda y protecci\u00f3n del ambiente y derechos humanos.<\/p>\n<p>Este \u00faltimo tema gener\u00f3 el cruce m\u00e1s picante entre los equipos. En la trinchera mileista cuestionaron cu\u00e1l era la &quot;epidemia&quot; de violaci\u00f3n de derechos humanos que ameritara incluir ese punto en el debate y los massistas le respondieron que ellos representaban un riesgo para la democracia. <\/p>\n<p>Los liberales no se quedaron callados, les recordaron que est\u00e1n participando de la elecci\u00f3n, y empezaron a recriminarles todas las irregularidades de robo de boletas y tergiversaci\u00f3n de actas que denuncian y por los que acusan al peronismo.<\/p>\n<p>En lo discursivo, la estrategia de Massa ser\u00e1 centrarse en su personalidad y que es el indicado para esta etapa del pa\u00eds, por su experiencia y capacidad de di\u00e1logo. Insistir\u00e1 en que solo \u00e9l puede frenar las ideas de Milei, las cuales se encargar\u00e1 de recordar.<\/p>\n<p>En la campa\u00f1a del libertario apostar\u00e1n a criticar la econom\u00eda, de la que es responsable Massa como ministro, y recalcar que representa &quot;la continuidad y lo peor del estatus quo&quot;. &quot;Ser\u00e1 una buena oportunidad para rebatir cada una de las mentiras que dicen sobre las propuestas de Milei&quot;, agregan.<\/p>\n","protected":false},"excerpt":{"rendered":"<p>Machetes, atriles y c\u00e1maras: los cambios por los que pujan Massa y Milei para el nuevo debateAntes de medirse en las urnas, Sergio Massa y Javier Milei se enfrentar\u00e1n cara a cara en un nuevo debate presidencial, previsto para el domingo 12 de noviembre. Este mi\u00e9rcoles la C\u00e1mara Nacional Electoral (CNE) sortea el orden de temas y oradores y los jueces definir\u00e1n las cuestiones en las que los candidatos no lograron ponerse de acuerdo: si pueden tener &#8220;ayudamemoria&#8221; y cu\u00e1ntos planos y c\u00e1maras habr\u00e1.<br \/>\nEl esquema de debate de cara al balotaje ser\u00e1 diferente a los anteriores. La CNE propuso un modelo similar al de Ignacio Lula Da Silva y Jair Bolsonaro en Brasil, con menos restricciones, m\u00e1s cruces directos e incluso la posibilidad de salir de atr\u00e1s del atril y moverse libremente por el escenario.<br \/>\nEl lunes, los equipos de los candidatos tuvieron el primer encuentro. Por el lado de Massa fueron el jefe de comunicaci\u00f3n Santiago Garc\u00eda V\u00e1zquez y el vicejefe de Gabinete, Juan Manuel Olmos. En repr..<\/p>\n","protected":false},"author":2,"featured_media":10029,"comment_status":"","ping_status":"","sticky":false,"template":"","format":"standard","meta":{"footnotes":""},"categories":[7],"tags":[],"_links":{"self":[{"href":"https:\/\/maxradio923.com.ar\/index.php\/wp-json\/wp\/v2\/posts\/10028"}],"collection":[{"href":"https:\/\/maxradio923.com.ar\/index.php\/wp-json\/wp\/v2\/posts"}],"about":[{"href":"https:\/\/maxradio923.com.ar\/index.php\/wp-json\/wp\/v2\/types\/post"}],"author":[{"embeddable":true,"href":"https:\/\/maxradio923.com.ar\/index.php\/wp-json\/wp\/v2\/users\/2"}],"replies":[{"embeddable":true,"href":"https:\/\/maxradio923.com.ar\/index.php\/wp-json\/wp\/v2\/comments?post=10028"}],"version-history":[{"count":0,"href":"https:\/\/maxradio923.com.ar\/index.php\/wp-json\/wp\/v2\/posts\/10028\/revisions"}],"wp:featuredmedia":[{"embeddable":true,"href":"https:\/\/maxradio923.com.ar\/index.php\/wp-json\/wp\/v2\/media\/10029"}],"wp:attachment":[{"href":"https:\/\/maxradio923.com.ar\/index.php\/wp-json\/wp\/v2\/media?parent=10028"}],"wp:term":[{"taxonomy":"category","embeddable":true,"href":"https:\/\/maxradio923.com.ar\/index.php\/wp-json\/wp\/v2\/categories?post=10028"},{"taxonomy":"post_tag","embeddable":true,"href":"https:\/\/maxradio923.com.ar\/index.php\/wp-json\/wp\/v2\/tags?post=10028"}],"curies":[{"name":"wp","href":"https:\/\/api.w.org\/{rel}","templated":true}]}}