{"id":10026,"date":"2023-10-31T21:44:13","date_gmt":"2023-11-01T00:44:13","guid":{"rendered":"https:\/\/maxradio923.com\/index.php\/2023\/10\/31\/javier-milei-volvio-a-cargar-contra-sergio-massa-por-la-falta-de-nafta-ahora-lo-comparo-con-mao-tse-tung\/"},"modified":"2023-10-31T21:44:13","modified_gmt":"2023-11-01T00:44:13","slug":"javier-milei-volvio-a-cargar-contra-sergio-massa-por-la-falta-de-nafta-ahora-lo-comparo-con-mao-tse-tung","status":"publish","type":"post","link":"https:\/\/maxradio923.com.ar\/index.php\/2023\/10\/31\/javier-milei-volvio-a-cargar-contra-sergio-massa-por-la-falta-de-nafta-ahora-lo-comparo-con-mao-tse-tung\/","title":{"rendered":"Javier Milei volvi\u00f3 a cargar contra Sergio Massa por la falta de nafta: ahora lo compar\u00f3 con Mao Tse-Tung"},"content":{"rendered":"<p>Javier Milei volvi\u00f3 a cargar contra Sergio Massa por la falta de nafta: ahora lo compar\u00f3 con Mao Tse-Tung <\/p>\n<p>El candidato presidencial de La Libertad Avanza, <strong>Javier Milei<\/strong>, volvi\u00f3 a responsabilizar a su rival en el balotaje y ministro de Econom\u00eda, <strong>Sergio Massa<\/strong>, por el desabastecimiento de nafta. Para el economista, su rival oficialista aplica lo que denomina <strong>\u201cel m\u00e9todo casta-Massa&quot;, <\/strong>que consiste en \u201ccrear un problema\u201d para luego dar lugar a la <strong>\u201cventa de la soluci\u00f3n\u201d<\/strong>.<\/p>\n<p>\u201cEl m\u00e9todo casta-Massa [de] crear un problema\u201d, se titula el mensaje publicado por el libertario en su cuenta de X acompa\u00f1ado por una ilustraci\u00f3n cr\u00edtica contra el ministro, donde <strong>se lo compara con la imagen del dictador chino Mao Tse-Tung. <\/strong>Sucede tras una jornada donde todav\u00eda se siente el impacto de la falta de combustible en las estaciones de servicio.<\/p>\n<p>Milei enumer\u00f3 una serie de pasos para describir lo que, a su entender, realiza Massa. \u201c1. Generar d\u00e9ficit fiscal; 2. Financiarlo con emisi\u00f3n monetaria; 3. Ante la aceleraci\u00f3n de la inflaci\u00f3n, proceder a <strong>controlar precios<\/strong>; 4. Culpar a empresarios y <strong>apretarlos<\/strong>; 5. Aparece el desabastecimiento <strong>VENTA DE LA SOLUCI\u00d3N<\/strong>\u201d, hil\u00f3 como metodolog\u00eda.<\/p>\n<p>Luego, de acuerdo al candidato de La Libertad Avanza, Massa procede as\u00ed: \u201c6. Pacta con empresarios correcci\u00f3n; 7. Eleva amenaza p\u00fablica y fija tiempo l\u00edmite<strong> (con el obvio previo acuerdo con los empresarios)<\/strong>;8. Relaja la restricci\u00f3n de precio; 9. Reaparece la oferta; 10. <strong>Se vende como el campe\u00f3n del mundo que le puso manija a la pelota<\/strong>\u201d.<\/p>\n<p>Ante ese escenario que traz\u00f3 con un punteo, a modo de \u201creflexi\u00f3n\u201d, el libertario sostuvo que \u201cen un mercado libre, las fluctuaciones de precios inducen ajustes en las cantidades tal que <strong>nunca se produce el desabastecimiento<\/strong>\u201d.<\/p>\n<p>\u201cNo hay lugar para la <strong>corrupci\u00f3n y pasamanos nefastos<\/strong>&quot;, concluy\u00f3 Milei, con la ilustraci\u00f3n de<strong> un Massa mao\u00edsta<\/strong>.<\/p>\n<blockquote>\n<p>EL M\u00c9TODO CASTA-MASSA<br \/>CREAR UN PROBLEMA<br \/>1. Generar d\u00e9ficit fiscal<br \/>2. Financiarlo con emisi\u00f3n monetaria<br \/>3. Ante la aceleraci\u00f3n de la inflaci\u00f3n, proceder a controlar precios<br \/>4. Culpar a empresarios y apretarlos<br \/>5. Aparece el desabastecimiento<br \/>VENTA DE LA SOLUCI\u00d3N<br \/>6. Pacta con\u2026 pic.twitter.com\/kHonKuJFxn<\/p>\n<p>\u2014 Javier Milei (@JMilei) October 31, 2023<\/p><\/blockquote>\n<p>La idea de que la falta de nafta en las estaciones de servicio fue un fen\u00f3meno impulsado por Massa ya hab\u00eda sido agitada por Milei el pasado domingo, con otro mensaje publicado en su cuenta de X.<\/p>\n<p>El libertario sugiri\u00f3 que fue el mismo Massa quien gener\u00f3 el desabastecimiento para, luego, \u201coptar por la v\u00eda violenta\u201d para que se normalice el servicio.<\/p>\n<p><strong>\u201cPrimero controla precios&#8230; Luego aparece el desabastecimiento&quot;<\/strong>, escribi\u00f3 el diputado de La Libertad Avanza. Agreg\u00f3 que el candidato presidencial del oficialismo sugiri\u00f3 que el cuello de botella en las estaciones de servicio \u201calude a una alta demanda por los \u00e9xitos de la pol\u00edtica econ\u00f3mica&quot;.<\/p>\n<p><strong>\u201cFrente al rid\u00edculo decide optar por la v\u00eda violenta para forzar la oferta\u201d, <\/strong>lanz\u00f3 Milei en un intento de explicar, desde su \u00f3ptica, la crisis por la falta de combustible.<\/p>\n<h2>La comparaci\u00f3n de Sergio Massa con Maduro y la an\u00e9cdota del papel higi\u00e9nico<\/h2>\n<p>Milei fue consultado el pasado domingo durante un reportaje brindado a<em> LN+<\/em> sobre la falta de combustible y, tras apuntar contra su rival de Uni\u00f3n por la Patria por llevar adelanto pol\u00edticas que concluyeron en la crisis actual, dijo que para \u00e9l \u201clo interesante de esto es la violencia con la cual el ministro Massa lo quiere arreglar y la interpretaci\u00f3n que hace\u201d.<\/p>\n<p>Seg\u00fan el libertario, Massa interpreta que al pa\u00eds le est\u00e1 yendo bien y por lo tanto \u201cmucha gente sali\u00f3 a consumir nafta\u201d e introdujo una comparaci\u00f3n directa entre el candidato oficialista y el presidente de Venezuela, <strong>Nicol\u00e1s Maduro.<\/strong><\/p>\n<p>\u201cEs la misma respuesta que dio Maduro en un contexto donde estaba<strong> faltando el papel higi\u00e9nico<\/strong> y dijo que como los venezolanos com\u00edan tanto estaban yendo mucho al ba\u00f1o. Cuando en realidad lo venezolanos en promedio perdieron 10 kilos de peso porque no tienen para comer\u201d, afirm\u00f3 Milei.<\/p>\n<p><em>DS<\/em><\/p>\n","protected":false},"excerpt":{"rendered":"<p>Javier Milei volvi\u00f3 a cargar contra Sergio Massa por la falta de nafta: ahora lo compar\u00f3 con Mao Tse-Tung El candidato presidencial de La Libertad Avanza, Javier Milei, volvi\u00f3 a responsabilizar a su rival en el balotaje y ministro de Econom\u00eda, Sergio Massa, por el desabastecimiento de nafta. Para el economista, su rival oficialista aplica lo que denomina \u201cel m\u00e9todo casta-Massa&#8221;, que consiste en \u201ccrear un problema\u201d para luego dar lugar a la \u201cventa de la soluci\u00f3n\u201d.<br \/>\n\u201cEl m\u00e9todo casta-Massa [de] crear un problema\u201d, se titula el mensaje publicado por el libertario en su cuenta de X acompa\u00f1ado por una ilustraci\u00f3n cr\u00edtica contra el ministro, donde se lo compara con la imagen del dictador chino Mao Tse-Tung. Sucede tras una jornada donde todav\u00eda se siente el impacto de la falta de combustible en las estaciones de servicio.<br \/>\nMilei enumer\u00f3 una serie de pasos para describir lo que, a su entender, realiza Massa. \u201c1. Generar d\u00e9ficit fiscal; 2. Financiarlo con emisi\u00f3n monetaria; 3. Ante la aceleraci\u00f3n..<\/p>\n","protected":false},"author":2,"featured_media":10027,"comment_status":"","ping_status":"","sticky":false,"template":"","format":"standard","meta":{"footnotes":""},"categories":[7],"tags":[],"_links":{"self":[{"href":"https:\/\/maxradio923.com.ar\/index.php\/wp-json\/wp\/v2\/posts\/10026"}],"collection":[{"href":"https:\/\/maxradio923.com.ar\/index.php\/wp-json\/wp\/v2\/posts"}],"about":[{"href":"https:\/\/maxradio923.com.ar\/index.php\/wp-json\/wp\/v2\/types\/post"}],"author":[{"embeddable":true,"href":"https:\/\/maxradio923.com.ar\/index.php\/wp-json\/wp\/v2\/users\/2"}],"replies":[{"embeddable":true,"href":"https:\/\/maxradio923.com.ar\/index.php\/wp-json\/wp\/v2\/comments?post=10026"}],"version-history":[{"count":0,"href":"https:\/\/maxradio923.com.ar\/index.php\/wp-json\/wp\/v2\/posts\/10026\/revisions"}],"wp:featuredmedia":[{"embeddable":true,"href":"https:\/\/maxradio923.com.ar\/index.php\/wp-json\/wp\/v2\/media\/10027"}],"wp:attachment":[{"href":"https:\/\/maxradio923.com.ar\/index.php\/wp-json\/wp\/v2\/media?parent=10026"}],"wp:term":[{"taxonomy":"category","embeddable":true,"href":"https:\/\/maxradio923.com.ar\/index.php\/wp-json\/wp\/v2\/categories?post=10026"},{"taxonomy":"post_tag","embeddable":true,"href":"https:\/\/maxradio923.com.ar\/index.php\/wp-json\/wp\/v2\/tags?post=10026"}],"curies":[{"name":"wp","href":"https:\/\/api.w.org\/{rel}","templated":true}]}}